{"id":164862,"date":"2025-11-25T15:53:27","date_gmt":"2025-11-25T15:53:27","guid":{"rendered":"https:\/\/www.europesays.com\/pt\/164862\/"},"modified":"2025-11-25T15:53:27","modified_gmt":"2025-11-25T15:53:27","slug":"entenda-o-que-e-o-laser-de-co%e2%82%82-profundo-tratamento-feito-pela-influenciadora","status":"publish","type":"post","link":"https:\/\/www.europesays.com\/pt\/164862\/","title":{"rendered":"entenda o que \u00e9 o laser de CO\u2082 profundo, tratamento feito pela influenciadora"},"content":{"rendered":"\n<p class=\" content-text__container theme-color-primary-first-letter\" data-track-category=\"Link no Texto\" data-track-links=\"\"> A influenciadora e apresentadora <a class=\"\" href=\"https:\/\/oglobo.globo.com\/tudo-sobre\/personalidade\/virginia-fonseca\/\" rel=\"nofollow noopener\" target=\"_blank\">Virginia Fonseca<\/a>, de 26 anos, compartilhou recentemente que passou por tratamentos na pele para a retirada de marcas de acne. Um deles foi o laser de CO\u2082 profundo, feito pelo dermatologista Alessandro Alarc\u00e3o, em Goi\u00e1s. Nesta segunda (24), ela publicou fotos em que seu rosto aparece avermelhado para mostrar o rosto ap\u00f3s o procedimento. <\/p>\n<ul class=\"content-unordered-list\">\n<li><strong>Devo mesmo abandonar o h\u00e1bito do refrigerante zero?<\/strong><a class=\"\" href=\"https:\/\/oglobo.globo.com\/saude\/noticia\/2025\/11\/25\/devo-abandonar-o-habito-dos-refrigerantes-zero-o-que-dizem-as-novas-evidencias-cientificas.ghtml\" rel=\"nofollow noopener\" target=\"_blank\"> O que dizem as novas evid\u00eancias cient\u00edficas<\/a><\/li>\n<li><strong>Pregabalina e sertralina: <\/strong><a class=\"\" href=\"https:\/\/oglobo.globo.com\/saude\/noticia\/2025\/11\/23\/pregabalina-e-sertralina-entenda-o-efeito-dos-medicamentos-usados-por-bolsonaro.ghtml?mrfhud=true\" rel=\"nofollow noopener\" target=\"_blank\">entenda o efeito dos medicamentos usados \u200b\u200bpor Bolsonaro<\/a><\/li>\n<\/ul>\n<p class=\" content-text__container \" data-track-category=\"Link no Texto\" data-track-links=\"\"> &#8220;A gente fez um laser UltraPulse, \u00e9 um CO\u2082 profundo para tratar marcas e cicatrizes de acne. A gente tamb\u00e9m fez exossomos EXO-HL para tirar as marquinhas e vai um processo de recupera\u00e7\u00e3o a\u00ed. A gente vai ver uma resposta boa mesmo daqui a 20, 30 dias&#8221;, explica o m\u00e9dico, em um v\u00eddeo publicado no seu perfil profissional. <\/p>\n<p>O que \u00e9 o laser CO\u2082 profundo?<\/p>\n<p class=\" content-text__container \" data-track-category=\"Link no Texto\" data-track-links=\"\"> De acordo com o American Board of Cosmetic Surgery, esse tipo de laser, feito com CO\u2082 (di\u00f3xido de carbono), emite um comprimento de onda que \u00e9 absorvido pela \u00e1gua, que \u00e9 o principal componente do tecido da pele. <\/p>\n<p class=\" content-text__container \" data-track-category=\"Link no Texto\" data-track-links=\"\"> Segundo a associa\u00e7\u00e3o, o laser provoca les\u00f5es controladas para que as fibras de col\u00e1geno locais sejam substitu\u00eddas: a partir delas, um novo conjunto de elastinas \u00e9 formado e novas c\u00e9lulas epid\u00e9rmicas surgem. Esse processo ajuda a remover marcas de cicatrizes, espinhas e at\u00e9 mesmo rugas do rosto. <\/p>\n<p class=\" content-text__container \" data-track-category=\"Link no Texto\" data-track-links=\"\"> Esse tratamento pode ser feito em pequenas \u00e1reas ou de forma total no rosto, com maior profundidade, o que envolve uma recupera\u00e7\u00e3o longa. O primeiro \u00e9 recomendado para peles de pessoas abaixo dos 30 anos, enquanto o segundo pode ser uma op\u00e7\u00e3o para peles mais maduras, acima dos 30. <\/p>\n<p class=\" content-text__container \" data-track-category=\"Link no Texto\" data-track-links=\"\"> Al\u00e9m disso, de acordo com o American Board of Cosmetic Surgery, \u00e9 normal que a pele apresente vermelhid\u00e3o nos primeiros 10 dias. No entanto, na maior parte dos casos, a partir do quinto dia \u00e9 poss\u00edvel retomar as atividades presenciais. <\/p>\n<p class=\" content-text__container \" data-track-category=\"Link no Texto\" data-track-links=\"\"> Os resultados podem durar por anos, quando combinados com cuidados di\u00e1rios, como passar protetor solar, pouca exposi\u00e7\u00e3o solar e higieniza\u00e7\u00e3o adequada. <\/p>\n","protected":false},"excerpt":{"rendered":"A influenciadora e apresentadora Virginia Fonseca, de 26 anos, compartilhou recentemente que passou por tratamentos na pele para&hellip;\n","protected":false},"author":2,"featured_media":164863,"comment_status":"","ping_status":"","sticky":false,"template":"","format":"standard","meta":{"footnotes":""},"categories":[145],"tags":[211,210,114,115,32,33,1446],"class_list":{"0":"post-164862","1":"post","2":"type-post","3":"status-publish","4":"format-standard","5":"has-post-thumbnail","7":"category-celebridades","8":"tag-celebridades","9":"tag-celebrities","10":"tag-entertainment","11":"tag-entretenimento","12":"tag-portugal","13":"tag-pt","14":"tag-virginia-fonseca"},"share_on_mastodon":{"url":"https:\/\/pubeurope.com\/@pt\/115611146865451232","error":""},"_links":{"self":[{"href":"https:\/\/www.europesays.com\/pt\/wp-json\/wp\/v2\/posts\/164862","targetHints":{"allow":["GET"]}}],"collection":[{"href":"https:\/\/www.europesays.com\/pt\/wp-json\/wp\/v2\/posts"}],"about":[{"href":"https:\/\/www.europesays.com\/pt\/wp-json\/wp\/v2\/types\/post"}],"author":[{"embeddable":true,"href":"https:\/\/www.europesays.com\/pt\/wp-json\/wp\/v2\/users\/2"}],"replies":[{"embeddable":true,"href":"https:\/\/www.europesays.com\/pt\/wp-json\/wp\/v2\/comments?post=164862"}],"version-history":[{"count":0,"href":"https:\/\/www.europesays.com\/pt\/wp-json\/wp\/v2\/posts\/164862\/revisions"}],"wp:featuredmedia":[{"embeddable":true,"href":"https:\/\/www.europesays.com\/pt\/wp-json\/wp\/v2\/media\/164863"}],"wp:attachment":[{"href":"https:\/\/www.europesays.com\/pt\/wp-json\/wp\/v2\/media?parent=164862"}],"wp:term":[{"taxonomy":"category","embeddable":true,"href":"https:\/\/www.europesays.com\/pt\/wp-json\/wp\/v2\/categories?post=164862"},{"taxonomy":"post_tag","embeddable":true,"href":"https:\/\/www.europesays.com\/pt\/wp-json\/wp\/v2\/tags?post=164862"}],"curies":[{"name":"wp","href":"https:\/\/api.w.org\/{rel}","templated":true}]}}