{"id":164864,"date":"2025-11-25T15:56:10","date_gmt":"2025-11-25T15:56:10","guid":{"rendered":"https:\/\/www.europesays.com\/pt\/164864\/"},"modified":"2025-11-25T15:56:10","modified_gmt":"2025-11-25T15:56:10","slug":"leandro-critica-dylan-e-bruno-deviam-de-estar-preparados-secret-story","status":"publish","type":"post","link":"https:\/\/www.europesays.com\/pt\/164864\/","title":{"rendered":"Leandro critica Dylan e Bruno: \u00abDeviam de estar preparados&#8230;\u00bb &#8211; Secret Story"},"content":{"rendered":"<p>No <strong>Secret Story 9<\/strong>, Ana e Marisa falam sobre o facto de Dylan e Bruno quererem desistir do programa. Leandro interv\u00e9m na conversa e garante que os colegas \u00abdeviam de estar preparados para o que vinham\u00bb. Veja tudo.<\/p>\n<p><strong>Os nomeados do ESPECIAL do SECRET STORY 9 de ontem, dia 24 de novembro, e que v\u00e3o a vota\u00e7\u00f5es para SALVAR, durante esta semana, s\u00e3o os seguintes:<\/strong><\/p>\n<p><strong>VOTA\u00c7\u00c3O PARA SALVAR:<\/strong><\/p>\n<p>BRUNO &#8211; 761 20 20 04<br \/>DYLAN &#8211; 761 20 20 07<br \/>F\u00c1BIO \u2013 761 20 20 08<br \/>IN\u00caS \u2013 761 20 20 10<\/p>\n<p><strong><a href=\"https:\/\/tvi.iol.pt\/secretstory\/aominuto\" rel=\"nofollow noopener\" target=\"_blank\">Acompanhe tudo ao minuto e n\u00e3o perca nada do que se passa na casa mais vigiada do Pa\u00eds!<\/a><\/strong><\/p>\n","protected":false},"excerpt":{"rendered":"No Secret Story 9, Ana e Marisa falam sobre o facto de Dylan e Bruno quererem desistir do&hellip;\n","protected":false},"author":2,"featured_media":164865,"comment_status":"","ping_status":"","sticky":false,"template":"","format":"standard","meta":{"footnotes":""},"categories":[142],"tags":[114,115,19033,12397,19034,32,33,151,19032],"class_list":{"0":"post-164864","1":"post","2":"type-post","3":"status-publish","4":"format-standard","5":"has-post-thumbnail","7":"category-tv","8":"tag-entertainment","9":"tag-entretenimento","10":"tag-galas-em-video","11":"tag-leandro","12":"tag-melhores-momentos-casa-dos-segredos","13":"tag-portugal","14":"tag-pt","15":"tag-tv","16":"tag-videos-secret-story-tvi"},"share_on_mastodon":{"url":"https:\/\/pubeurope.com\/@pt\/115611158679423619","error":""},"_links":{"self":[{"href":"https:\/\/www.europesays.com\/pt\/wp-json\/wp\/v2\/posts\/164864","targetHints":{"allow":["GET"]}}],"collection":[{"href":"https:\/\/www.europesays.com\/pt\/wp-json\/wp\/v2\/posts"}],"about":[{"href":"https:\/\/www.europesays.com\/pt\/wp-json\/wp\/v2\/types\/post"}],"author":[{"embeddable":true,"href":"https:\/\/www.europesays.com\/pt\/wp-json\/wp\/v2\/users\/2"}],"replies":[{"embeddable":true,"href":"https:\/\/www.europesays.com\/pt\/wp-json\/wp\/v2\/comments?post=164864"}],"version-history":[{"count":0,"href":"https:\/\/www.europesays.com\/pt\/wp-json\/wp\/v2\/posts\/164864\/revisions"}],"wp:featuredmedia":[{"embeddable":true,"href":"https:\/\/www.europesays.com\/pt\/wp-json\/wp\/v2\/media\/164865"}],"wp:attachment":[{"href":"https:\/\/www.europesays.com\/pt\/wp-json\/wp\/v2\/media?parent=164864"}],"wp:term":[{"taxonomy":"category","embeddable":true,"href":"https:\/\/www.europesays.com\/pt\/wp-json\/wp\/v2\/categories?post=164864"},{"taxonomy":"post_tag","embeddable":true,"href":"https:\/\/www.europesays.com\/pt\/wp-json\/wp\/v2\/tags?post=164864"}],"curies":[{"name":"wp","href":"https:\/\/api.w.org\/{rel}","templated":true}]}}