{"id":164877,"date":"2025-11-25T16:10:28","date_gmt":"2025-11-25T16:10:28","guid":{"rendered":"https:\/\/www.europesays.com\/pt\/164877\/"},"modified":"2025-11-25T16:10:28","modified_gmt":"2025-11-25T16:10:28","slug":"cristina-ferreira-e-joao-monteiro-o-fim-de-semana-magico-no-douro-em-fotografias-secret-story","status":"publish","type":"post","link":"https:\/\/www.europesays.com\/pt\/164877\/","title":{"rendered":"Cristina Ferreira e Jo\u00e3o Monteiro: O fim de semana \u00abm\u00e1gico\u00bb no Douro em fotografias &#8211; Secret Story"},"content":{"rendered":"<p>\n                    Cristina Ferreira passou um fim de semana rom\u00e2ntico no Douro com Jo\u00e3o Monteiro e partilhou momentos especiais com os seus seguidores.\n                <\/p>\n<p data-end=\"618\" data-start=\"255\">A apresentadora viajou at\u00e9 ao Douro para uma escapadinha a dois e publicou uma fotografia ao lado do namorado durante um passeio de barco pelo rio. Cristina destacou o ambiente tranquilo, o sol que ajudou a tornar o dia perfeito e o contacto com Filipe e Fernanda, pessoas da regi\u00e3o que, segundo contou, contribu\u00edram para tornar a experi\u00eancia ainda mais especial.<\/p>\n<p data-end=\"984\" data-is-last-node=\"\" data-is-only-node=\"\" data-start=\"620\">Nas redes sociais, a apresentadora mostrou-se sensibilizada pela dedica\u00e7\u00e3o e hist\u00f3rias de vida das pessoas que conheceu no local e agradeceu as v\u00e1rias mensagens de carinho enviadas pelos moradores, incluindo a do presidente da Junta de Rio Mau. Marcada pelo fim de semana, confessou vontade de regressar ao Douro.<\/p>\n<blockquote class=\"instagram-media\" data-instgrm-captioned=\"\" data-instgrm-permalink=\"https:\/\/www.instagram.com\/p\/DRXx5e8jPMh\/?utm_source=ig_embed&amp;utm_campaign=loading\" data-instgrm-version=\"14\" style=\" background:#FFF; border:0; border-radius:3px; box-shadow:0 0 1px 0 rgba(0,0,0,0.5),0 1px 10px 0 rgba(0,0,0,0.15); margin: 1px; max-width:540px; min-width:326px; padding:0; width:99.375%; width:-webkit-calc(100% - 2px); width:calc(100% - 2px);\">\n<\/blockquote>\n<p>                    <script async src=\"\/\/www.instagram.com\/embed.js\"><\/script><\/p>\n","protected":false},"excerpt":{"rendered":"Cristina Ferreira passou um fim de semana rom\u00e2ntico no Douro com Jo\u00e3o Monteiro e partilhou momentos especiais com&hellip;\n","protected":false},"author":2,"featured_media":164878,"comment_status":"","ping_status":"","sticky":false,"template":"","format":"standard","meta":{"footnotes":""},"categories":[142],"tags":[18706,166,114,115,18705,6470,32,33,151,18704],"class_list":{"0":"post-164877","1":"post","2":"type-post","3":"status-publish","4":"format-standard","5":"has-post-thumbnail","7":"category-tv","8":"tag-bastidores-secret-story","9":"tag-cristina-ferreira","10":"tag-entertainment","11":"tag-entretenimento","12":"tag-entrevistas-concorrentes-tvi","13":"tag-joao-monteiro","14":"tag-portugal","15":"tag-pt","16":"tag-tv","17":"tag-vida-fora-da-casa"},"share_on_mastodon":{"url":"https:\/\/pubeurope.com\/@pt\/115611213646948819","error":""},"_links":{"self":[{"href":"https:\/\/www.europesays.com\/pt\/wp-json\/wp\/v2\/posts\/164877","targetHints":{"allow":["GET"]}}],"collection":[{"href":"https:\/\/www.europesays.com\/pt\/wp-json\/wp\/v2\/posts"}],"about":[{"href":"https:\/\/www.europesays.com\/pt\/wp-json\/wp\/v2\/types\/post"}],"author":[{"embeddable":true,"href":"https:\/\/www.europesays.com\/pt\/wp-json\/wp\/v2\/users\/2"}],"replies":[{"embeddable":true,"href":"https:\/\/www.europesays.com\/pt\/wp-json\/wp\/v2\/comments?post=164877"}],"version-history":[{"count":0,"href":"https:\/\/www.europesays.com\/pt\/wp-json\/wp\/v2\/posts\/164877\/revisions"}],"wp:featuredmedia":[{"embeddable":true,"href":"https:\/\/www.europesays.com\/pt\/wp-json\/wp\/v2\/media\/164878"}],"wp:attachment":[{"href":"https:\/\/www.europesays.com\/pt\/wp-json\/wp\/v2\/media?parent=164877"}],"wp:term":[{"taxonomy":"category","embeddable":true,"href":"https:\/\/www.europesays.com\/pt\/wp-json\/wp\/v2\/categories?post=164877"},{"taxonomy":"post_tag","embeddable":true,"href":"https:\/\/www.europesays.com\/pt\/wp-json\/wp\/v2\/tags?post=164877"}],"curies":[{"name":"wp","href":"https:\/\/api.w.org\/{rel}","templated":true}]}}