{"id":164908,"date":"2025-11-25T16:44:10","date_gmt":"2025-11-25T16:44:10","guid":{"rendered":"https:\/\/www.europesays.com\/pt\/164908\/"},"modified":"2025-11-25T16:44:10","modified_gmt":"2025-11-25T16:44:10","slug":"tiago-rufino-revela-quem-quer-ver-fora-do-secret-story-esta-semana","status":"publish","type":"post","link":"https:\/\/www.europesays.com\/pt\/164908\/","title":{"rendered":"Tiago Rufino revela quem quer ver fora do Secret Story esta semana"},"content":{"rendered":"<p>\t\t\t\t\t\t\t\t\t\t\t\t<a href=\"#\" onclick=\"window.open('http:\/\/www.facebook.com\/sharer.php?u=https:\/\/cusquices.com\/tiago-rufino-revela-quem-quer-ver-fora-do-secret-story-esta-semana\/&amp;t=Tiago Rufino revela quem quer ver fora do Secret Story esta semana', 'facebookShare', 'width=626,height=436'); return false;\" title=\"Share on Facebook\"><\/p>\n<p>Share<\/p>\n<p><\/a><br \/>\n\t\t\t\t\t\t\t\t\t\t\t\t<a href=\"#\" onclick=\"window.open('http:\/\/twitter.com\/share?text=Tiago Rufino revela quem quer ver fora do Secret Story esta semana -&amp;url=https:\/\/cusquices.com\/tiago-rufino-revela-quem-quer-ver-fora-do-secret-story-esta-semana\/', 'twitterShare', 'width=626,height=436'); return false;\" title=\"Tweet This Post\"><\/p>\n<p>Tweet<\/p>\n<p><\/a><br \/>\n\t\t\t\t\t\t\t\t\t\t\t\t<a href=\"whatsapp:\/\/send?text=Tiago Rufino revela quem quer ver fora do Secret Story esta semana https:\/\/cusquices.com\/tiago-rufino-revela-quem-quer-ver-fora-do-secret-story-esta-semana\/\" rel=\"nofollow\"><\/p>\n<p>Share<\/p>\n<p><\/a><br \/>\n\t\t\t\t\t\t\t\t\t\t\t\t<a href=\"#\" onclick=\"window.open('http:\/\/pinterest.com\/pin\/create\/button\/?url=https:\/\/cusquices.com\/tiago-rufino-revela-quem-quer-ver-fora-do-secret-story-esta-semana\/&amp;media=https:\/\/cusquices.com\/wp-content\/uploads\/2025\/11\/nomeadoss-tiagor-1000x600.jpg&amp;description=Tiago Rufino revela quem quer ver fora do Secret Story esta semana', 'pinterestShare', 'width=750,height=350'); return false;\" title=\"Pin This Post\"><\/p>\n<p>Share<\/p>\n<p><\/a><br \/>\n\t\t\t\t\t\t\t\t\t\t\t\t<a href=\"mailto:?subject=Tiago Rufino revela quem quer ver fora do Secret Story esta semana&amp;BODY=I found this article interesting and thought of sharing it with you. Check it out: https:\/\/cusquices.com\/tiago-rufino-revela-quem-quer-ver-fora-do-secret-story-esta-semana\/\"><\/p>\n<p>Email<\/p>\n<p><\/a><br \/>\n\t\t\t\t\t\t\t\t\t\t\t\t\t\t\t\t\t\t\t\t\t\t\t\t\t\t\t\t\t\t\t\t\t\t\t\t\t\t\t\t\t\t\t\t\t\t\t\t\t\t\t\t\t<a href=\"https:\/\/cusquices.com\/tiago-rufino-revela-quem-quer-ver-fora-do-secret-story-esta-semana\/#respond\" rel=\"nofollow noopener\" target=\"_blank\"><\/p>\n<p>Tiago Rufino aponta quem quer ver fora da casa mais vigiada do pa\u00eds esta semana.<\/p>\n<p><strong>Cristina Ferreira<\/strong> apresentou esta segunda-feira, 24 de novembro, uma emiss\u00e3o especial do <strong>Secret Story,<\/strong> onde foram revelados os nomeados da semana: <strong>Bruno, Dylan, F\u00e1bio e In\u00eas<\/strong> encontram-se agora em risco de expuls\u00e3o.<\/p>\n<p><strong>Tiago Rufino, <\/strong>vencedor da <strong>Casa dos Segredos 7<\/strong> e seguidor atento da atual edi\u00e7\u00e3o, reagiu de imediato nas redes sociais. Fiel ao seu estilo direto, o ex-concorrente n\u00e3o hesitou em revelar quem quer ver a salvo\u2026 e quem prefere ver fora da casa j\u00e1 no pr\u00f3ximo domingo.<\/p>\n<p>O ex-concorrente da Casa dos Segredos, n\u00e3o t\u00eam d\u00favidas sobre quem quer ver a salvo: <strong>\u201cBasta garantir o F\u00e1bio\u201d. <\/strong>J\u00e1 expulso, <strong>Tiago Rufino <\/strong>acha que <strong>\u201cqualquer um serve. Na verdade, qualquer um j\u00e1 serviria. Mas, se ficar o F\u00e1bio, a sa\u00edda torna-se excelente.\u201d<\/strong><\/p>\n<p><img loading=\"lazy\" decoding=\"async\" width=\"575\" height=\"1024\" src=\"https:\/\/www.europesays.com\/pt\/wp-content\/uploads\/2025\/11\/tiagor-nomeados-575x1024.png\" alt=\"\" class=\"wp-image-100546 webpexpress-processed\"  \/><\/p>\n<p><strong>Leia tamb\u00e9m:<\/strong><\/p>\n<p>\t\t\t\t\t\t\t\t\t\t\t\t\t\t\t\t\t\t\t\t\t\t\t\t\t<img decoding=\"async\" src=\"https:\/\/www.europesays.com\/pt\/wp-content\/uploads\/2025\/10\/cusquices-logo-52x.png\" class=\"webpexpress-processed\"\/><\/p>\n<p>\t\t\t\t\t\t\t\t\t\t\t\t\t\t\t\t\t\t\t\t\t            \t\t\t\t\t\t\t\t\t\t\t\t\t\t\t\t\t\t\t\t\t\t\t\t\t\t\t\t\t\t\t\t\t\t\t\t\t\t\t<script async src=\"https:\/\/platform.twitter.com\/widgets.js\" charset=\"utf-8\"><\/script><\/p>\n","protected":false},"excerpt":{"rendered":"Share Tweet Share Share Email Tiago Rufino aponta quem quer ver fora da casa mais vigiada do pa\u00eds&hellip;\n","protected":false},"author":2,"featured_media":164909,"comment_status":"","ping_status":"","sticky":false,"template":"","format":"standard","meta":{"footnotes":""},"categories":[85],"tags":[2632,49,114,115,32,33,2162],"class_list":{"0":"post-164908","1":"post","2":"type-post","3":"status-publish","4":"format-standard","5":"has-post-thumbnail","7":"category-entretenimento","8":"tag-casa-dos-segredos","9":"tag-destaques","10":"tag-entertainment","11":"tag-entretenimento","12":"tag-portugal","13":"tag-pt","14":"tag-tiago-rufino"},"share_on_mastodon":{"url":"https:\/\/pubeurope.com\/@pt\/115611347675244658","error":""},"_links":{"self":[{"href":"https:\/\/www.europesays.com\/pt\/wp-json\/wp\/v2\/posts\/164908","targetHints":{"allow":["GET"]}}],"collection":[{"href":"https:\/\/www.europesays.com\/pt\/wp-json\/wp\/v2\/posts"}],"about":[{"href":"https:\/\/www.europesays.com\/pt\/wp-json\/wp\/v2\/types\/post"}],"author":[{"embeddable":true,"href":"https:\/\/www.europesays.com\/pt\/wp-json\/wp\/v2\/users\/2"}],"replies":[{"embeddable":true,"href":"https:\/\/www.europesays.com\/pt\/wp-json\/wp\/v2\/comments?post=164908"}],"version-history":[{"count":0,"href":"https:\/\/www.europesays.com\/pt\/wp-json\/wp\/v2\/posts\/164908\/revisions"}],"wp:featuredmedia":[{"embeddable":true,"href":"https:\/\/www.europesays.com\/pt\/wp-json\/wp\/v2\/media\/164909"}],"wp:attachment":[{"href":"https:\/\/www.europesays.com\/pt\/wp-json\/wp\/v2\/media?parent=164908"}],"wp:term":[{"taxonomy":"category","embeddable":true,"href":"https:\/\/www.europesays.com\/pt\/wp-json\/wp\/v2\/categories?post=164908"},{"taxonomy":"post_tag","embeddable":true,"href":"https:\/\/www.europesays.com\/pt\/wp-json\/wp\/v2\/tags?post=164908"}],"curies":[{"name":"wp","href":"https:\/\/api.w.org\/{rel}","templated":true}]}}