{"id":164910,"date":"2025-11-25T16:46:13","date_gmt":"2025-11-25T16:46:13","guid":{"rendered":"https:\/\/www.europesays.com\/pt\/164910\/"},"modified":"2025-11-25T16:46:13","modified_gmt":"2025-11-25T16:46:13","slug":"franceses-prometem-investir-dezenas-de-milhoes-na-industria-naval-nacional-se-a-marinha-portuguesa-comprar-fragatas","status":"publish","type":"post","link":"https:\/\/www.europesays.com\/pt\/164910\/","title":{"rendered":"Franceses prometem investir &#8220;dezenas de milh\u00f5es&#8221; na ind\u00fastria naval nacional se a marinha portuguesa comprar fragatas"},"content":{"rendered":"<p>\t                Se Portugal optar pelas fragatas francesas de nova gera\u00e7\u00e3o, a construtora compromete-se a investir dezenas de milh\u00f5es de euros na moderniza\u00e7\u00e3o do Arsenal do Alfeite e a canalizar uma fatia relevante do contrato diretamente para a economia e ind\u00fastria nacional, exatamente uma das prioridades j\u00e1 assumidas pelo ministro da Defesa, Nuno Melo<\/p>\n<p data-path-to-node=\"5\">Intensifica-se a &#8220;luta&#8221; entre empresas de defesa para fornecer a pr\u00f3xima gera\u00e7\u00e3o de fragatas da marinha portuguesa.\u00a0A empresa francesa Naval Group anunciou esta ter\u00e7a-feira um plano que promete\u00a0transformar a ind\u00fastria naval nacional com o investimento de &#8220;dezenas de milh\u00f5es de euros&#8221; para criar um\u00a0hub industrial no Alfeite, caso o governo portugu\u00eas opter por comprar as fragatas de nova gera\u00e7\u00e3o do fabricante franc\u00eas.<\/p>\n<p data-path-to-node=\"5\">&#8220;O Naval Group apresentou \u00e0s autoridades portuguesas uma proposta para investir os montantes necess\u00e1rios, estimados em dezenas de milh\u00f5es de euros, para modernizar o Arsenal do Alfeite e criar um polo industrial naval, refor\u00e7ando as capacidades industriais navais de Portugal e o apoio a longo prazo \u00e0 Marinha Portuguesa&#8221;, revela o grupo atrav\u00e9s de um comunicado.<\/p>\n<p data-path-to-node=\"5\">Na pr\u00e1tica, o Naval Group prop\u00f5e a cria\u00e7\u00e3o de uma nova empresa, detida em conjunto com o Arsenal, que ficar\u00e1 respons\u00e1vel pela gest\u00e3o e execu\u00e7\u00e3o de todos os futuros contratos de manuten\u00e7\u00e3o da Marinha Portuguesa.\u00a0O fabricante defende que o investimento representaria uma contribui\u00e7\u00e3o direta para a &#8220;soberania&#8221; e para a &#8220;autonomia estrat\u00e9gica&#8221; do pa\u00eds.<\/p>\n<p data-path-to-node=\"5\">Numa altura em que o Governo continua a estudar as suas op\u00e7\u00f5es para a moderniza\u00e7\u00e3o da frota, o grupo franc\u00eas aposta na coopera\u00e7\u00e3o econ\u00f3mica para seduzir o executivo, um argumento que o ministro da Defesa, Nuno Melo, j\u00e1 admitiu ser uma das prioridades. O Naval Group afirma 20% do valor total investido na compra das fragatas ser\u00e1 devolvido diretamente \u00e0 economia nacional ao longo do ciclo de vida dos navios.<\/p>\n<p data-path-to-node=\"5\">Atualmente, o governo portugu\u00eas encontra-se a avaliar as v\u00e1rias op\u00e7\u00f5es para a moderniza\u00e7\u00e3o da armada, depois de a NATO ter revisto os &#8220;alvos capacit\u00e1rios&#8221; dos v\u00e1rios membros. O executivo portugu\u00eas est\u00e1 a estudar a possibilidade de aquisi\u00e7\u00e3o de duas ou tr\u00eas fragatas, num neg\u00f3cio que pode ascender aos tr\u00eas mil milh\u00f5es de euros.\u00a0<\/p>\n<p data-path-to-node=\"3\">Segundo a proposta do grupo franc\u00eas, a nova entidade a criar n\u00e3o serviria apenas os interesses nacionais. A ambi\u00e7\u00e3o \u00e9 transformar o estaleiro da margem sul do Tejo num polo competitivo capaz de atrair clientes internacionais e apoiar as pr\u00f3prias atividades globais do grupo franc\u00eas, assegurando assim postos de trabalho qualificados e uma carga de trabalho sustent\u00e1vel que n\u00e3o dependa exclusivamente do Or\u00e7amento do Estado.<\/p>\n<p data-path-to-node=\"5\">O an\u00fancio desta ter\u00e7a-feira n\u00e3o surge por acaso. Ocorre na v\u00e9spera de uma visita crucial da principal concorr\u00eancia, os estaleiros Fincantieri. Os italianos preparam-se para realizar, j\u00e1 esta quarta-feira, o seu pr\u00f3prio &#8220;Industry Day&#8221; em Lisboa, onde apresentar\u00e3o a fragata da classe FREMM e as suas propostas de parceria industrial.<\/p>\n<p data-path-to-node=\"6\">A press\u00e3o sobre o Minist\u00e9rio da Defesa \u00e9 m\u00e1xima. Nuno Melo tem poucos dias at\u00e9 ao final de novembro para fechar o plano de investimento nacional que permitir\u00e1 a Portugal aceder aos fundos europeus do programa SAFE. Se a aquisi\u00e7\u00e3o das fragatas for inclu\u00edda neste pacote, Portugal poder\u00e1 beneficiar de condi\u00e7\u00f5es de financiamento vantajosas, mas isso obriga a uma defini\u00e7\u00e3o r\u00e1pida sobre quem ser\u00e1 o parceiro estrat\u00e9gico.<\/p>\n<p data-path-to-node=\"8\">Para tentar ganhar vantagem na corrida e demonstrar que o compromisso com Portugal vai al\u00e9m das promessas, o Naval Group sublinha o hist\u00f3rico recente de coopera\u00e7\u00e3o, destacando a assinatura, a 6 de novembro, de um memorando de entendimento com o LASIGE, unidade de investiga\u00e7\u00e3o da Faculdade de Ci\u00eancias da Universidade de Lisboa, para o desenvolvimento na \u00e1rea da defesa.<\/p>\n<p data-path-to-node=\"9\">Al\u00e9m disso, o grupo franc\u00eas revela que, na sequ\u00eancia de uns &#8220;Industry Days&#8221; realizados em outubro, j\u00e1 est\u00e1 a cooperar ativamente com 17 empresas portuguesas, de um universo de 45, com o objetivo de as integrar nas cadeias de valor europeias. Uma estrat\u00e9gia que visa provar ao Governo que o &#8220;navio&#8221; est\u00e1 pronto para zarpar, faltando apenas a &#8220;luz verde&#8221; para a compra das fragatas.<\/p>\n","protected":false},"excerpt":{"rendered":"Se Portugal optar pelas fragatas francesas de nova gera\u00e7\u00e3o, a construtora compromete-se a investir dezenas de milh\u00f5es de&hellip;\n","protected":false},"author":2,"featured_media":164911,"comment_status":"","ping_status":"","sticky":false,"template":"","format":"standard","meta":{"footnotes":""},"categories":[83],"tags":[609,611,34952,27,88,607,608,604,2537,610,89,539,90,34950,34951,9399,603,570,16595,606,16648,13,602,32,33,58,605,29],"class_list":{"0":"post-164910","1":"post","2":"type-post","3":"status-publish","4":"format-standard","5":"has-post-thumbnail","7":"category-empresas","8":"tag-alerta","9":"tag-ao-minuto","10":"tag-arsenal-do-alfeite","11":"tag-breaking-news","12":"tag-business","13":"tag-cnn","14":"tag-cnn-portugal","15":"tag-crime","16":"tag-defesa","17":"tag-direto","18":"tag-economy","19":"tag-educacao","20":"tag-empresas","21":"tag-fragatas","22":"tag-franceses","23":"tag-investimento","24":"tag-justica","25":"tag-live","26":"tag-marinha-portuguesa","27":"tag-meteorologia","28":"tag-milhoes","29":"tag-noticias","30":"tag-pais","31":"tag-portugal","32":"tag-pt","33":"tag-sociedade","34":"tag-tempo","35":"tag-ultimas"},"share_on_mastodon":{"url":"https:\/\/pubeurope.com\/@pt\/115611355482713757","error":""},"_links":{"self":[{"href":"https:\/\/www.europesays.com\/pt\/wp-json\/wp\/v2\/posts\/164910","targetHints":{"allow":["GET"]}}],"collection":[{"href":"https:\/\/www.europesays.com\/pt\/wp-json\/wp\/v2\/posts"}],"about":[{"href":"https:\/\/www.europesays.com\/pt\/wp-json\/wp\/v2\/types\/post"}],"author":[{"embeddable":true,"href":"https:\/\/www.europesays.com\/pt\/wp-json\/wp\/v2\/users\/2"}],"replies":[{"embeddable":true,"href":"https:\/\/www.europesays.com\/pt\/wp-json\/wp\/v2\/comments?post=164910"}],"version-history":[{"count":0,"href":"https:\/\/www.europesays.com\/pt\/wp-json\/wp\/v2\/posts\/164910\/revisions"}],"wp:featuredmedia":[{"embeddable":true,"href":"https:\/\/www.europesays.com\/pt\/wp-json\/wp\/v2\/media\/164911"}],"wp:attachment":[{"href":"https:\/\/www.europesays.com\/pt\/wp-json\/wp\/v2\/media?parent=164910"}],"wp:term":[{"taxonomy":"category","embeddable":true,"href":"https:\/\/www.europesays.com\/pt\/wp-json\/wp\/v2\/categories?post=164910"},{"taxonomy":"post_tag","embeddable":true,"href":"https:\/\/www.europesays.com\/pt\/wp-json\/wp\/v2\/tags?post=164910"}],"curies":[{"name":"wp","href":"https:\/\/api.w.org\/{rel}","templated":true}]}}