{"id":164912,"date":"2025-11-25T16:47:14","date_gmt":"2025-11-25T16:47:14","guid":{"rendered":"https:\/\/www.europesays.com\/pt\/164912\/"},"modified":"2025-11-25T16:47:14","modified_gmt":"2025-11-25T16:47:14","slug":"corpo-de-idoso-desaparecido-ha-6-meses-encontrado-pelo-irmao-debaixo-da-cama-autoridades-nao-o-viram-nas-buscas","status":"publish","type":"post","link":"https:\/\/www.europesays.com\/pt\/164912\/","title":{"rendered":"Corpo de idoso desaparecido h\u00e1 6 meses encontrado pelo irm\u00e3o debaixo da cama, autoridades n\u00e3o o viram nas buscas"},"content":{"rendered":"<p class=\"category\"><a href=\"https:\/\/sicnoticias.pt\/especiais\/insolitos\" rel=\"nofollow noopener\" target=\"_blank\">Ins\u00f3litos<\/a><\/p>\n<p>Jean-Louis tinha 73 anos e sofria de S\u00edndrome de Di\u00f3genes, um transtorno caraterizado por neglig\u00eancia extrema de cuidados pessoais, isolamento social e acumula\u00e7\u00e3o de objetos. O corpo foi encontrado quase seis meses depois do desaparecimento pelo irm\u00e3o, que acusa as autoridades de falta de seriedade durante as tr\u00eas buscas realizadas.<\/p>\n<p><img decoding=\"async\" src=\"https:\/\/www.europesays.com\/pt\/wp-content\/uploads\/2025\/11\/1764089234_366_original.webp\" alt=\"Corpo de idoso desaparecido h\u00e1 6 meses encontrado pelo irm\u00e3o debaixo da cama, autoridades n\u00e3o o viram nas buscas\"\/><\/p>\n<p>Canva<\/p>\n<p><strong>O corpo de um idoso desaparecido foi encontrado quase seis meses depois pelo irm\u00e3o, debaixo da cama de sua casa, em Fran\u00e7a, adianta o jornal franc\u00eas <\/strong><a href=\"https:\/\/www.leprogres.fr\/faits-divers-justice\/2025\/11\/24\/le-corps-de-son-frere-disparu-etait-momifie-sous-un-lit-ils-ne-l-ont-pas-cherche-assez?tblci=GiChadSWYVcyzR38seF-igfXWdSGgPXWBj9PMYxhx65XWSCJ-Egoz8yw0PPgrJTsAQ\" target=\"_blank\" rel=\"noopener noreferrer nofollow\"><strong>Le Progr\u00e8s<\/strong><\/a><strong>. O irm\u00e3o da v\u00edtima critica a falta de seriedade das autoridades durante as v\u00e1rias buscas ao apartamento. Os bombeiros e pol\u00edcia justificam a dificuldade com a desarruma\u00e7\u00e3o significativa do local.<\/strong><\/p>\n<p>Os amigos n\u00e3o sabiam de Jean-Louis, de 73 anos, h\u00e1 uma semana. O homem tinha faltado a uma reuni\u00e3o do clube de radioamadores de Lyon, Fran\u00e7a, do qual fazia parte. Ligaram ao irm\u00e3o, Pierre, a avisar que n\u00e3o falavam com ele nem o viam desde dia 19 de fevereiro, conta o Le Progr\u00e8s.<\/p>\n<p>No apartamento, n\u00e3o havia sinal de Jean-Louis. Nas tr\u00eas vezes em que as autoridades procuraram o homem, n\u00e3o o encontraram. Nem pistas suspeitas. Foi encontrada apenas a gata de Jean-Louis, que estava faminta.<\/p>\n<p>Quase seis meses depois, os vizinhos queixaram-se a Pierre de um odor nauseabundo vindo da casa de Jean-Louis, que continuava desaparecido, segundo o jornal local\u00a0Actu Lyon. O corpo foi encontrado pelo pr\u00f3prio irm\u00e3o que, devido \u00e0s queixas, se deslocou ao apartamento com um membro da Associa\u00e7\u00e3o para Assist\u00eancia e Procura de Pessoas Desaparecidas.<\/p>\n<blockquote><p>&#8220;Puxei a cama, que estava perto de uma estante ca\u00edda. Foi a\u00ed que vi duas pernas no ch\u00e3o&#8221;, conta Pierre.<\/p><\/blockquote>\n<p>O homem critica a falta de seriedade das autoridades nas buscas, questionando se o irm\u00e3o ainda estaria vivo na primeira vez que o apartamento foi revistado.<\/p>\n<blockquote><p>&#8220;N\u00e3o procuraram por ele o suficiente&#8221;, lamenta, citado pelo jornal local <a href=\"https:\/\/actu.fr\/auvergne-rhone-alpes\/lyon_69123\/lyon-le-corps-de-son-frere-disparu-depuis-6-mois-retrouve-momifie-sous-son-lit_63480113.html\" target=\"_blank\" rel=\"noopener noreferrer nofollow\">Actu Lyon<\/a>.<\/p><\/blockquote>\n<p>O caso foi denunciado \u00e0 procuradoria de Lyon pela Associa\u00e7\u00e3o para Assist\u00eancia e Procura de Pessoas Desaparecidas.<\/p>\n<p>De acordo com o <a href=\"https:\/\/www.lefigaro.fr\/lyon\/lyon-6-mois-apres-sa-mort-le-corps-d-un-septuagenaire-decouvert-dans-son-lit-malgre-l-intervention-de-la-police-et-des-pompiers-20251124\" target=\"_blank\" rel=\"noopener noreferrer nofollow\">Le Figaro<\/a>, as autoridades justificam que as buscas foram &#8220;dif\u00edceis&#8221; devido ao estado de &#8220;acumula\u00e7\u00e3o e desordem&#8221; do apartamento. O homem tinha S\u00edndrome de Di\u00f3genes, um transtorno caraterizado por neglig\u00eancia extrema de cuidados pessoais, isolamento social e acumula\u00e7\u00e3o de objetos.<\/p>\n<p>O funeral s\u00f3 aconteceu dois meses depois do corpo ter sido encontrado, no dia 2 de setembro, adianta a imprensa local. A aut\u00f3psia n\u00e3o revelou interven\u00e7\u00e3o de terceiros, acrescenta o Le Figaro.<\/p>\n","protected":false},"excerpt":{"rendered":"Ins\u00f3litos Jean-Louis tinha 73 anos e sofria de S\u00edndrome de Di\u00f3genes, um transtorno caraterizado por neglig\u00eancia extrema de&hellip;\n","protected":false},"author":2,"featured_media":164913,"comment_status":"","ping_status":"","sticky":false,"template":"","format":"standard","meta":{"footnotes":""},"categories":[50],"tags":[27,28,15,16,14,25,26,21,22,62,12,13,19,20,23,24,17,18,29,30,31,63,64,65],"class_list":{"0":"post-164912","1":"post","2":"type-post","3":"status-publish","4":"format-standard","5":"has-post-thumbnail","7":"category-mundo","8":"tag-breaking-news","9":"tag-breakingnews","10":"tag-featured-news","11":"tag-featurednews","12":"tag-headlines","13":"tag-latest-news","14":"tag-latestnews","15":"tag-main-news","16":"tag-mainnews","17":"tag-mundo","18":"tag-news","19":"tag-noticias","20":"tag-noticias-principais","21":"tag-noticiasprincipais","22":"tag-principais-noticias","23":"tag-principaisnoticias","24":"tag-top-stories","25":"tag-topstories","26":"tag-ultimas","27":"tag-ultimas-noticias","28":"tag-ultimasnoticias","29":"tag-world","30":"tag-world-news","31":"tag-worldnews"},"share_on_mastodon":{"url":"https:\/\/pubeurope.com\/@pt\/115611359510499779","error":""},"_links":{"self":[{"href":"https:\/\/www.europesays.com\/pt\/wp-json\/wp\/v2\/posts\/164912","targetHints":{"allow":["GET"]}}],"collection":[{"href":"https:\/\/www.europesays.com\/pt\/wp-json\/wp\/v2\/posts"}],"about":[{"href":"https:\/\/www.europesays.com\/pt\/wp-json\/wp\/v2\/types\/post"}],"author":[{"embeddable":true,"href":"https:\/\/www.europesays.com\/pt\/wp-json\/wp\/v2\/users\/2"}],"replies":[{"embeddable":true,"href":"https:\/\/www.europesays.com\/pt\/wp-json\/wp\/v2\/comments?post=164912"}],"version-history":[{"count":0,"href":"https:\/\/www.europesays.com\/pt\/wp-json\/wp\/v2\/posts\/164912\/revisions"}],"wp:featuredmedia":[{"embeddable":true,"href":"https:\/\/www.europesays.com\/pt\/wp-json\/wp\/v2\/media\/164913"}],"wp:attachment":[{"href":"https:\/\/www.europesays.com\/pt\/wp-json\/wp\/v2\/media?parent=164912"}],"wp:term":[{"taxonomy":"category","embeddable":true,"href":"https:\/\/www.europesays.com\/pt\/wp-json\/wp\/v2\/categories?post=164912"},{"taxonomy":"post_tag","embeddable":true,"href":"https:\/\/www.europesays.com\/pt\/wp-json\/wp\/v2\/tags?post=164912"}],"curies":[{"name":"wp","href":"https:\/\/api.w.org\/{rel}","templated":true}]}}