{"id":164914,"date":"2025-11-25T16:48:46","date_gmt":"2025-11-25T16:48:46","guid":{"rendered":"https:\/\/www.europesays.com\/pt\/164914\/"},"modified":"2025-11-25T16:48:46","modified_gmt":"2025-11-25T16:48:46","slug":"fotogaleria-a-parada-militar-do-25-de-novembro-observador","status":"publish","type":"post","link":"https:\/\/www.europesays.com\/pt\/164914\/","title":{"rendered":"Fotogaleria. A parada militar do 25 de Novembro \u2013 Observador"},"content":{"rendered":"<p>A cerim\u00f3nia militar das For\u00e7as Armadas que celebra os <strong>50 anos do 25 de Novembro<\/strong>, realizada na manh\u00e3 desta ter\u00e7a-feira entre as 9h00 e as 10h00 na Pra\u00e7a do Com\u00e9rcio, em Lisboa, contou com a presen\u00e7a do Presidente da Rep\u00fablica, <strong>Marcelo Rebelo de Sousa<\/strong>, que presidiu ao momento solene, com o primeiro-ministro, <strong>Lu\u00eds Montenegro<\/strong>, e v\u00e1rios ministros e deputados de diversas for\u00e7as pol\u00edticas. Do campo pol\u00edtico \u00e0 esquerda, apenas o Partido Socialista marcou presen\u00e7a.<\/p>\n<p>Ap\u00f3s a chegada do Presid\u00eancia da Rep\u00fablica, ouviu-se o hino ao som das salvas de artilharia lan\u00e7adas do navio que se estava ao largo do Terreiro do Pa\u00e7o. Durante o seu discurso, Marcelo Rebelo de Sousa recordou <strong>Ramalho Eanes como o \u201cCapit\u00e3o de Abril de 1974<\/strong>\u201d e sublinhou que sem 25 de Abril \u201cn\u00e3o teria havido novembro de 1975\u201d, que <strong>sem 25 de Novembro \u201cn\u00e3o teria havido a Constitui\u00e7\u00e3o de 1976\u201d<\/strong> e que sem 1976, j\u00e1 com Eanes como Presidente, n\u00e3o teria havido a \u201ctransi\u00e7\u00e3o da legitimidade revolucion\u00e1ria para a democr\u00e1tica, representativa e eleitoral\u201d.<\/p>\n<p>Foi integrado um minuto de sil\u00eancio na cerim\u00f3nia, momento simb\u00f3lico que antecedeu o sobrevoo de quatro aeronaves da For\u00e7a A\u00e9rea Portuguesa sobre a Pra\u00e7a do Com\u00e9rcio. O desfile militar contou com a passagem de chaimites usadas na Guerra Colonial, no 25 de Abril e no 25 de Novembro.<\/p>\n<p>O Parlamento assinala, tamb\u00e9m, o cinquenten\u00e1rio do 25 de Novembro, numa sess\u00e3o solene id\u00eantica \u00e0 dos 50 anos do 25 de Abril e que tem in\u00edcio \u00e0s 11h \u2014 uma das diferen\u00e7as \u00e9 que no hemiciclo, em vez de cravos vermelhos, houve rosas brancas.<\/p>\n","protected":false},"excerpt":{"rendered":"A cerim\u00f3nia militar das For\u00e7as Armadas que celebra os 50 anos do 25 de Novembro, realizada na manh\u00e3&hellip;\n","protected":false},"author":2,"featured_media":164915,"comment_status":"","ping_status":"","sticky":false,"template":"","format":"standard","meta":{"footnotes":""},"categories":[10],"tags":[23642,27,28,15,16,14,25,26,21,22,588,12,13,19,20,57,302,32,589,23,24,33,58,17,18,29,30,31],"class_list":{"0":"post-164914","1":"post","2":"type-post","3":"status-publish","4":"format-standard","5":"has-post-thumbnail","7":"category-portugal","8":"tag-25-de-novembro","9":"tag-breaking-news","10":"tag-breakingnews","11":"tag-featured-news","12":"tag-featurednews","13":"tag-headlines","14":"tag-latest-news","15":"tag-latestnews","16":"tag-main-news","17":"tag-mainnews","18":"tag-marcelo-rebelo-de-sousa","19":"tag-news","20":"tag-noticias","21":"tag-noticias-principais","22":"tag-noticiasprincipais","23":"tag-pau00eds","24":"tag-polu00edtica","25":"tag-portugal","26":"tag-presidente-da-repu00fablica","27":"tag-principais-noticias","28":"tag-principaisnoticias","29":"tag-pt","30":"tag-sociedade","31":"tag-top-stories","32":"tag-topstories","33":"tag-ultimas","34":"tag-ultimas-noticias","35":"tag-ultimasnoticias"},"share_on_mastodon":{"url":"https:\/\/pubeurope.com\/@pt\/115611363221965236","error":""},"_links":{"self":[{"href":"https:\/\/www.europesays.com\/pt\/wp-json\/wp\/v2\/posts\/164914","targetHints":{"allow":["GET"]}}],"collection":[{"href":"https:\/\/www.europesays.com\/pt\/wp-json\/wp\/v2\/posts"}],"about":[{"href":"https:\/\/www.europesays.com\/pt\/wp-json\/wp\/v2\/types\/post"}],"author":[{"embeddable":true,"href":"https:\/\/www.europesays.com\/pt\/wp-json\/wp\/v2\/users\/2"}],"replies":[{"embeddable":true,"href":"https:\/\/www.europesays.com\/pt\/wp-json\/wp\/v2\/comments?post=164914"}],"version-history":[{"count":0,"href":"https:\/\/www.europesays.com\/pt\/wp-json\/wp\/v2\/posts\/164914\/revisions"}],"wp:featuredmedia":[{"embeddable":true,"href":"https:\/\/www.europesays.com\/pt\/wp-json\/wp\/v2\/media\/164915"}],"wp:attachment":[{"href":"https:\/\/www.europesays.com\/pt\/wp-json\/wp\/v2\/media?parent=164914"}],"wp:term":[{"taxonomy":"category","embeddable":true,"href":"https:\/\/www.europesays.com\/pt\/wp-json\/wp\/v2\/categories?post=164914"},{"taxonomy":"post_tag","embeddable":true,"href":"https:\/\/www.europesays.com\/pt\/wp-json\/wp\/v2\/tags?post=164914"}],"curies":[{"name":"wp","href":"https:\/\/api.w.org\/{rel}","templated":true}]}}