{"id":164940,"date":"2025-11-25T17:15:10","date_gmt":"2025-11-25T17:15:10","guid":{"rendered":"https:\/\/www.europesays.com\/pt\/164940\/"},"modified":"2025-11-25T17:15:10","modified_gmt":"2025-11-25T17:15:10","slug":"cartao-vermelho-nao-afasta-cristiano-ronaldo-da-estreia-de-portugal-no-mundial-futebol-internacional","status":"publish","type":"post","link":"https:\/\/www.europesays.com\/pt\/164940\/","title":{"rendered":"Cart\u00e3o vermelho n\u00e3o afasta Cristiano Ronaldo da estreia de Portugal no Mundial | Futebol internacional"},"content":{"rendered":"<p>O avan\u00e7ado Cristiano Ronaldo vai estar dispon\u00edvel para o primeiro jogo da selec\u00e7\u00e3o portuguesa na fase final do Mundial2026 de futebol, fruto de um castigo v\u00e1lido por tr\u00eas partidas, duas das quais suspensas na sua execu\u00e7\u00e3o.<\/p>\n<p>Segundo o ac\u00f3rd\u00e3o do Comit\u00e9 Disciplinar da FIFA, ao qual a ag\u00eancia Lusa teve acesso, o jogador, de 40 anos, foi sancionado por tr\u00eas encontros, ap\u00f3s ter sido expulso com cart\u00e3o vermelho directo na <a href=\"https:\/\/www.publico.pt\/2025\/11\/13\/desporto\/cronica_de_jogo\/portugal-derrotado-dublin-desastre-espera-acontecer-2154576\" rel=\"nofollow noopener\" target=\"_blank\">derrota na Rep\u00fablica da Irlanda<\/a> (2-0), em 13 de Novembro, na 5.\u00aa e pen\u00faltima jornada do Grupo F de qualifica\u00e7\u00e3o europeia para o Campeonato do Mundo.<\/p>\n<p>Ronaldo cumpriu suspens\u00e3o tr\u00eas dias depois, ao falhar a recep\u00e7\u00e3o vitoriosa \u00e0 Arm\u00e9nia (9-1), no Porto, que garantiu a nona presen\u00e7a, e s\u00e9tima consecutiva, da equipa nacional na principal competi\u00e7\u00e3o internacional de selec\u00e7\u00f5es, antes de a FIFA analisar a exposi\u00e7\u00e3o da Federa\u00e7\u00e3o Portuguesa de Futebol (FPF) para que o avan\u00e7ado n\u00e3o fosse suspenso por mais do que um duelo<\/p>\n<p>Assim, a primeira expuls\u00e3o de Ronaldo ao fim de 226 internacionaliza\u00e7\u00f5es valeu-lhe apenas um jogo de suspens\u00e3o efectiva, o que significa que estar\u00e1 pronto a disputar os primeiros jogos do Mundial2026 se o seleccionador assim o entender.<\/p>\n","protected":false},"excerpt":{"rendered":"O avan\u00e7ado Cristiano Ronaldo vai estar dispon\u00edvel para o primeiro jogo da selec\u00e7\u00e3o portuguesa na fase final do&hellip;\n","protected":false},"author":2,"featured_media":164941,"comment_status":"","ping_status":"","sticky":false,"template":"","format":"standard","meta":{"footnotes":""},"categories":[87],"tags":[667,135,353,138,12632,542,32,33,10301,134],"class_list":{"0":"post-164940","1":"post","2":"type-post","3":"status-publish","4":"format-standard","5":"has-post-thumbnail","7":"category-desporto","8":"tag-cristiano-ronaldo","9":"tag-desporto","10":"tag-em-destaque","11":"tag-futebol-internacional","12":"tag-mundial-2026","13":"tag-para-redes","14":"tag-portugal","15":"tag-pt","16":"tag-seleccao-nacional","17":"tag-sports"},"share_on_mastodon":{"url":"https:\/\/pubeurope.com\/@pt\/115611469438555203","error":""},"_links":{"self":[{"href":"https:\/\/www.europesays.com\/pt\/wp-json\/wp\/v2\/posts\/164940","targetHints":{"allow":["GET"]}}],"collection":[{"href":"https:\/\/www.europesays.com\/pt\/wp-json\/wp\/v2\/posts"}],"about":[{"href":"https:\/\/www.europesays.com\/pt\/wp-json\/wp\/v2\/types\/post"}],"author":[{"embeddable":true,"href":"https:\/\/www.europesays.com\/pt\/wp-json\/wp\/v2\/users\/2"}],"replies":[{"embeddable":true,"href":"https:\/\/www.europesays.com\/pt\/wp-json\/wp\/v2\/comments?post=164940"}],"version-history":[{"count":0,"href":"https:\/\/www.europesays.com\/pt\/wp-json\/wp\/v2\/posts\/164940\/revisions"}],"wp:featuredmedia":[{"embeddable":true,"href":"https:\/\/www.europesays.com\/pt\/wp-json\/wp\/v2\/media\/164941"}],"wp:attachment":[{"href":"https:\/\/www.europesays.com\/pt\/wp-json\/wp\/v2\/media?parent=164940"}],"wp:term":[{"taxonomy":"category","embeddable":true,"href":"https:\/\/www.europesays.com\/pt\/wp-json\/wp\/v2\/categories?post=164940"},{"taxonomy":"post_tag","embeddable":true,"href":"https:\/\/www.europesays.com\/pt\/wp-json\/wp\/v2\/tags?post=164940"}],"curies":[{"name":"wp","href":"https:\/\/api.w.org\/{rel}","templated":true}]}}