{"id":164952,"date":"2025-11-25T17:22:57","date_gmt":"2025-11-25T17:22:57","guid":{"rendered":"https:\/\/www.europesays.com\/pt\/164952\/"},"modified":"2025-11-25T17:22:57","modified_gmt":"2025-11-25T17:22:57","slug":"verificacao-de-factos-jorge-pinto-e-cotrim-entre-o-falso-e-o-pouco-rigoroso","status":"publish","type":"post","link":"https:\/\/www.europesays.com\/pt\/164952\/","title":{"rendered":"Verifica\u00e7\u00e3o de factos: Jorge Pinto e Cotrim entre o falso e o pouco rigoroso"},"content":{"rendered":"<p>No <a href=\"https:\/\/expresso.pt\/politica\/eleicoes\/presidenciais-2026\/2025-11-24-cotrim-aponta-para-corrupcao-no-sns-jorge-pinto-diz-que-sns-e-a-mais-bela-conquista-da-democracia-o-debate-dos-nao-desistentes-36374219\" target=\"_blank\" rel=\"noopener noreferrer nofollow\">quinto debate<\/a> para as elei\u00e7\u00f5es presidenciais, Jorge Pinto tentou esconder que j\u00e1 admitiu desistir e Cotrim de Figueiredo atirou para a conversa n\u00fameros da OCDE sobre uma supostas inefici\u00eancias do SNS que n\u00e3o se conseguem encontrar nos relat\u00f3rios mais recentes.<\/p>\n<p><a href=\"https:\/\/expresso.pt\/subscrever?action=GEN&amp;channel=VID&amp;type=CAP&amp;source=WEB&amp;returnUrl=https:\/\/expresso.pt\/politica\/eleicoes\/presidenciais-2026\/2025-11-24-verificacao-de-factos-jorge-pinto-e-cotrim-entre-o-falso-e-o-pouco-rigoroso-caef28d3&amp;utm_source=expresso&amp;utm_medium=locked_article&amp;locked=true&amp;article_id=c28f081b-cdbf-497c-81c6-7a4fd00fe3d5&amp;author_id=Jo\u00e3o+Pedro+Henriques&amp;category=Presidenciais+2026\" target=\"_self\" class=\"\" rel=\"nofollow noopener\">Subscrever<\/a>J\u00e1 \u00e9 Subscritor?Fa\u00e7a login e continue a ler<a href=\"http:\/\/expresso.pt\/codigo?redirectUrl=https:\/\/expresso.pt\/politica\/eleicoes\/presidenciais-2026\/2025-11-24-verificacao-de-factos-jorge-pinto-e-cotrim-entre-o-falso-e-o-pouco-rigoroso-caef28d3\" target=\"_self\" class=\"\" rel=\"nofollow noopener\">Inserir C\u00f3digo<\/a>Comprou o Expresso?Insira o c\u00f3digo presente na Revista E para continuar a ler<\/p>\n","protected":false},"excerpt":{"rendered":"No quinto debate para as elei\u00e7\u00f5es presidenciais, Jorge Pinto tentou esconder que j\u00e1 admitiu desistir e Cotrim de&hellip;\n","protected":false},"author":2,"featured_media":164953,"comment_status":"","ping_status":"","sticky":false,"template":"","format":"standard","meta":{"footnotes":""},"categories":[8],"tags":[27,28,15,16,14,25,26,21,22,12,13,19,20,32,23,24,33,17,18,29,30,31],"class_list":{"0":"post-164952","1":"post","2":"type-post","3":"status-publish","4":"format-standard","5":"has-post-thumbnail","7":"category-principais-noticias","8":"tag-breaking-news","9":"tag-breakingnews","10":"tag-featured-news","11":"tag-featurednews","12":"tag-headlines","13":"tag-latest-news","14":"tag-latestnews","15":"tag-main-news","16":"tag-mainnews","17":"tag-news","18":"tag-noticias","19":"tag-noticias-principais","20":"tag-noticiasprincipais","21":"tag-portugal","22":"tag-principais-noticias","23":"tag-principaisnoticias","24":"tag-pt","25":"tag-top-stories","26":"tag-topstories","27":"tag-ultimas","28":"tag-ultimas-noticias","29":"tag-ultimasnoticias"},"share_on_mastodon":{"url":"https:\/\/pubeurope.com\/@pt\/115611500765771652","error":""},"_links":{"self":[{"href":"https:\/\/www.europesays.com\/pt\/wp-json\/wp\/v2\/posts\/164952","targetHints":{"allow":["GET"]}}],"collection":[{"href":"https:\/\/www.europesays.com\/pt\/wp-json\/wp\/v2\/posts"}],"about":[{"href":"https:\/\/www.europesays.com\/pt\/wp-json\/wp\/v2\/types\/post"}],"author":[{"embeddable":true,"href":"https:\/\/www.europesays.com\/pt\/wp-json\/wp\/v2\/users\/2"}],"replies":[{"embeddable":true,"href":"https:\/\/www.europesays.com\/pt\/wp-json\/wp\/v2\/comments?post=164952"}],"version-history":[{"count":0,"href":"https:\/\/www.europesays.com\/pt\/wp-json\/wp\/v2\/posts\/164952\/revisions"}],"wp:featuredmedia":[{"embeddable":true,"href":"https:\/\/www.europesays.com\/pt\/wp-json\/wp\/v2\/media\/164953"}],"wp:attachment":[{"href":"https:\/\/www.europesays.com\/pt\/wp-json\/wp\/v2\/media?parent=164952"}],"wp:term":[{"taxonomy":"category","embeddable":true,"href":"https:\/\/www.europesays.com\/pt\/wp-json\/wp\/v2\/categories?post=164952"},{"taxonomy":"post_tag","embeddable":true,"href":"https:\/\/www.europesays.com\/pt\/wp-json\/wp\/v2\/tags?post=164952"}],"curies":[{"name":"wp","href":"https:\/\/api.w.org\/{rel}","templated":true}]}}