{"id":164954,"date":"2025-11-25T17:24:15","date_gmt":"2025-11-25T17:24:15","guid":{"rendered":"https:\/\/www.europesays.com\/pt\/164954\/"},"modified":"2025-11-25T17:24:15","modified_gmt":"2025-11-25T17:24:15","slug":"hora-h-anjos-tomam-decisao-em-relacao-ao-processo-movido-contra-joana-marques","status":"publish","type":"post","link":"https:\/\/www.europesays.com\/pt\/164954\/","title":{"rendered":"Hora H: Anjos tomam decis\u00e3o em rela\u00e7\u00e3o ao processo movido contra Joana Marques"},"content":{"rendered":"<p>Os Anjos decidiram que n\u00e3o v\u00e3o recorrer da decis\u00e3o judicial que deu raz\u00e3o a Joana Marques no caso que <a href=\"https:\/\/selfie.iol.pt\/famosos\/joana-marques\/apos-sentenca-anjos-garantem-que-nao-sofreram-derrota-estamos-do-lado-certo-da-historia\/20251004\/68e0fa75d34ee0c2fed0e05a\" target=\"_blank\" rel=\"nofollow noopener\">os cantores moveram contra a humorista<\/a>.<\/p>\n<p>&#8220;N\u00e3o existe nada mais a acrescentar ao que j\u00e1 dissemos sobre este assunto que se encontra encerrado&#8221;, disseram S\u00e9rgio e Nelson Rosado, em declara\u00e7\u00f5es ao\u00a0site\u00a0&#8220;Dioguinho&#8221;.<\/p>\n<p>A decis\u00e3o surge cerca de dois meses depois de a radialista ter sido absolvida de todas as acusa\u00e7\u00f5es de que era alvo, ficando o grupo musical respons\u00e1vel pelo pagamento das custas judiciais acumuladas ao longo de v\u00e1rias semanas de julgamento.<\/p>\n","protected":false},"excerpt":{"rendered":"Os Anjos decidiram que n\u00e3o v\u00e3o recorrer da decis\u00e3o judicial que deu raz\u00e3o a Joana Marques no caso&hellip;\n","protected":false},"author":2,"featured_media":164955,"comment_status":"","ping_status":"","sticky":false,"template":"","format":"standard","meta":{"footnotes":""},"categories":[145],"tags":[2875,211,210,114,115,980,2876,619,27323,2771,32,33,1012,27324,299],"class_list":{"0":"post-164954","1":"post","2":"type-post","3":"status-publish","4":"format-standard","5":"has-post-thumbnail","7":"category-celebridades","8":"tag-anjos","9":"tag-celebridades","10":"tag-celebrities","11":"tag-entertainment","12":"tag-entretenimento","13":"tag-famosos","14":"tag-joana-marques","15":"tag-nacional","16":"tag-nelson-rosado","17":"tag-polemica","18":"tag-portugal","19":"tag-pt","20":"tag-selfie","21":"tag-sergio-rosado","22":"tag-tribunal"},"share_on_mastodon":{"url":"https:\/\/pubeurope.com\/@pt\/115611504674950851","error":""},"_links":{"self":[{"href":"https:\/\/www.europesays.com\/pt\/wp-json\/wp\/v2\/posts\/164954","targetHints":{"allow":["GET"]}}],"collection":[{"href":"https:\/\/www.europesays.com\/pt\/wp-json\/wp\/v2\/posts"}],"about":[{"href":"https:\/\/www.europesays.com\/pt\/wp-json\/wp\/v2\/types\/post"}],"author":[{"embeddable":true,"href":"https:\/\/www.europesays.com\/pt\/wp-json\/wp\/v2\/users\/2"}],"replies":[{"embeddable":true,"href":"https:\/\/www.europesays.com\/pt\/wp-json\/wp\/v2\/comments?post=164954"}],"version-history":[{"count":0,"href":"https:\/\/www.europesays.com\/pt\/wp-json\/wp\/v2\/posts\/164954\/revisions"}],"wp:featuredmedia":[{"embeddable":true,"href":"https:\/\/www.europesays.com\/pt\/wp-json\/wp\/v2\/media\/164955"}],"wp:attachment":[{"href":"https:\/\/www.europesays.com\/pt\/wp-json\/wp\/v2\/media?parent=164954"}],"wp:term":[{"taxonomy":"category","embeddable":true,"href":"https:\/\/www.europesays.com\/pt\/wp-json\/wp\/v2\/categories?post=164954"},{"taxonomy":"post_tag","embeddable":true,"href":"https:\/\/www.europesays.com\/pt\/wp-json\/wp\/v2\/tags?post=164954"}],"curies":[{"name":"wp","href":"https:\/\/api.w.org\/{rel}","templated":true}]}}