{"id":164966,"date":"2025-11-25T17:43:16","date_gmt":"2025-11-25T17:43:16","guid":{"rendered":"https:\/\/www.europesays.com\/pt\/164966\/"},"modified":"2025-11-25T17:43:16","modified_gmt":"2025-11-25T17:43:16","slug":"operacao-safra-justa-dez-militares-da-gnr-e-agente-da-psp-detidos-por-suspeitas-de-trafico-de-seres-humanos","status":"publish","type":"post","link":"https:\/\/www.europesays.com\/pt\/164966\/","title":{"rendered":"Opera\u00e7\u00e3o &#8220;Safra Justa&#8221;. Dez militares da GNR e agente da PSP detidos por suspeitas de tr\u00e1fico de seres humanos"},"content":{"rendered":"<p>                Dez militares da GNR e um elemento da PSP foram detidos esta ter\u00e7a-feira pela Pol\u00edcia Judici\u00e1ria por suspeitas de explorarem e escravizarem comunidades migrantes indost\u00e2nicos em propriedades agr\u00edcolas na regi\u00e3o de Beja.<br \/>\n<b><br \/>&#13;<br \/>\nAl\u00e9m do tr\u00e1fico de seres humanos e do aux\u00edlio \u00e0 imigra\u00e7\u00e3o ilegal, h\u00e1 ind\u00edcios de fraude fiscal e branqueamento de capitais para esconder o dinheiro il\u00edcito e n\u00e3o declarado que recebiam.<\/b><\/p>\n<p>\u201cAtrav\u00e9s de empresas de trabalho tempor\u00e1rio, criadas para o efeito, aproveitava-se da vulnerabilidade dos mesmos, explorando-os, cobrando alojamentos e alimenta\u00e7\u00e3o e mantendo-os sob coa\u00e7\u00e3o atrav\u00e9s de amea\u00e7as, havendo mesmo v\u00e1rios epis\u00f3dios de ofensas \u00e0 integridade f\u00edsica\u201d, l\u00ea-se num comunicado da PJ.<\/p>\n<p>          <img decoding=\"async\" itemprop=\"image\" class=\"img-fluid\"   src=\"https:\/\/www.europesays.com\/pt\/wp-content\/uploads\/2025\/11\/22aeae8b1673521d6f6cdb3877ccb5ef_N.jpg\"\/><\/p>\n<p>Jornal da Tarde | 25 de novembro de 2025<\/p>\n<p>&#13;<br \/>\n<b>Para o terreno foram mobilizados 200 inspetores e a opera\u00e7\u00e3o desenrolou-se na freguesia de Cabe\u00e7a Gorda, em Beja, onde ficam as propriedades agr\u00edcolas onde as v\u00edtimas seriam sujeitas a trabalhos for\u00e7ados, supervisionados e sob coa\u00e7\u00e3o de militares da GNR.<\/b>&#13;\n<\/p>\n<p>Contactada pela RTP, a GNR diz que &#8220;est\u00e1 a acompanhar a situa\u00e7\u00e3o\u201d e que a Guarda Nacional Republicana \u201cprima pelo cumprimento da lei e que tudo faz para que os seus militares cumpram a lei, como todos os outros cidad\u00e3os\u201d.<\/p>\n<p>De acordo com as informa\u00e7\u00f5es que a RTP apurou, as deten\u00e7\u00f5es foram efetuadas pela pr\u00f3pria GNR fora de flagrante delito.<\/p>\n<p>Os dez militares s\u00e3o do comando territorial de Beja e v\u00e3o ser presentes a tribunal.<b\/><\/p>\n","protected":false},"excerpt":{"rendered":"Dez militares da GNR e um elemento da PSP foram detidos esta ter\u00e7a-feira pela Pol\u00edcia Judici\u00e1ria por suspeitas&hellip;\n","protected":false},"author":2,"featured_media":164967,"comment_status":"","ping_status":"","sticky":false,"template":"","format":"standard","meta":{"footnotes":""},"categories":[8],"tags":[27,28,19728,15,16,2002,14,25,26,21,22,12,13,19,20,4107,32,23,24,33,17,18,27969,29,30,31],"class_list":{"0":"post-164966","1":"post","2":"type-post","3":"status-publish","4":"format-standard","5":"has-post-thumbnail","7":"category-principais-noticias","8":"tag-breaking-news","9":"tag-breakingnews","10":"tag-escravatura","11":"tag-featured-news","12":"tag-featurednews","13":"tag-gnr","14":"tag-headlines","15":"tag-latest-news","16":"tag-latestnews","17":"tag-main-news","18":"tag-mainnews","19":"tag-news","20":"tag-noticias","21":"tag-noticias-principais","22":"tag-noticiasprincipais","23":"tag-pj","24":"tag-portugal","25":"tag-principais-noticias","26":"tag-principaisnoticias","27":"tag-pt","28":"tag-top-stories","29":"tag-topstories","30":"tag-trafico","31":"tag-ultimas","32":"tag-ultimas-noticias","33":"tag-ultimasnoticias"},"share_on_mastodon":{"url":"https:\/\/pubeurope.com\/@pt\/115611579989407897","error":""},"_links":{"self":[{"href":"https:\/\/www.europesays.com\/pt\/wp-json\/wp\/v2\/posts\/164966","targetHints":{"allow":["GET"]}}],"collection":[{"href":"https:\/\/www.europesays.com\/pt\/wp-json\/wp\/v2\/posts"}],"about":[{"href":"https:\/\/www.europesays.com\/pt\/wp-json\/wp\/v2\/types\/post"}],"author":[{"embeddable":true,"href":"https:\/\/www.europesays.com\/pt\/wp-json\/wp\/v2\/users\/2"}],"replies":[{"embeddable":true,"href":"https:\/\/www.europesays.com\/pt\/wp-json\/wp\/v2\/comments?post=164966"}],"version-history":[{"count":0,"href":"https:\/\/www.europesays.com\/pt\/wp-json\/wp\/v2\/posts\/164966\/revisions"}],"wp:featuredmedia":[{"embeddable":true,"href":"https:\/\/www.europesays.com\/pt\/wp-json\/wp\/v2\/media\/164967"}],"wp:attachment":[{"href":"https:\/\/www.europesays.com\/pt\/wp-json\/wp\/v2\/media?parent=164966"}],"wp:term":[{"taxonomy":"category","embeddable":true,"href":"https:\/\/www.europesays.com\/pt\/wp-json\/wp\/v2\/categories?post=164966"},{"taxonomy":"post_tag","embeddable":true,"href":"https:\/\/www.europesays.com\/pt\/wp-json\/wp\/v2\/tags?post=164966"}],"curies":[{"name":"wp","href":"https:\/\/api.w.org\/{rel}","templated":true}]}}