{"id":164991,"date":"2025-11-25T18:05:06","date_gmt":"2025-11-25T18:05:06","guid":{"rendered":"https:\/\/www.europesays.com\/pt\/164991\/"},"modified":"2025-11-25T18:05:06","modified_gmt":"2025-11-25T18:05:06","slug":"compreendo-a-frustracao-de-alguns-jogadores-sei-o-que-significa-o-mundial-mas-o-manchester-united-vem-em-primeiro-lugar","status":"publish","type":"post","link":"https:\/\/www.europesays.com\/pt\/164991\/","title":{"rendered":"\u00abCompreendo a frustra\u00e7\u00e3o de alguns jogadores, sei o que significa o Mundial, mas o Manchester United vem em primeiro lugar\u00bb"},"content":{"rendered":"<p>&#8211; Advertisement &#8211;<\/p>\n<p><strong>Ruben Amorim abordou a poss\u00edvel sa\u00edda de Joshua Zirkzee e de Kobbie Mainoo do clube. Empr\u00e9stimo em janeiro em cima da mesa.<\/strong><\/p>\n<p>Ruben Amorim falou do futuro de uma dupla do Manchester United. Antes do\u00a0<a href=\"https:\/\/bolanarede.pt\/especial-bola-na-rede\/atualidade\/onde-ver-o-manchester-united-x-everton-da-jornada-12-da-premier-league\/\" target=\"_blank\" rel=\"noreferrer noopener nofollow\">Manchester United x Everton,<\/a>\u00a0o t\u00e9cnico portugu\u00eas falou da possibilidade de Joshua Zirkzee e Kobbie Mainoo deixaram o clube no mercado de janeiro. <\/p>\n<p>\u00abO clube vem em primeiro lugar. Portanto, temos que pensar no clube e na equipa. Ent\u00e3o, tudo pode acontecer e, como fui jogador de futebol, compreendo tudo. Quero ajudar os meus jogadores em todas as situa\u00e7\u00f5es, por isso n\u00e3o sei o que vai acontecer, quero que os meus jogadores estejam felizes\u00bb, come\u00e7ou Ruben Amorim. <\/p>\n<p>\u00abCompreendo a frustra\u00e7\u00e3o de alguns jogadores, vendo que o Mundial est\u00e1 a\u00ed, e sei o que isso significa o Mundial. Mas o Manchester United vem em primeiro lugar, por isso, se puder ajudar o clube e os jogadores, ficarei feliz. Se n\u00e3o, tenho de pensar na equipa\u00bb, concluiu o t\u00e9cnico portugu\u00eas sobre o tema.<\/p>\n<p>Nas \u00faltimas semanas, tanto Kobbie Mainoo como Joshua Zirkzee foram associados a uma sa\u00edda por empr\u00e9stimo em janeiro. Com o Mundial 2026 na mira, os jogadores pretendem somar mais minutos em competi\u00e7\u00e3o. <\/p>\n","protected":false},"excerpt":{"rendered":"&#8211; Advertisement &#8211; Ruben Amorim abordou a poss\u00edvel sa\u00edda de Joshua Zirkzee e de Kobbie Mainoo do clube.&hellip;\n","protected":false},"author":2,"featured_media":68438,"comment_status":"","ping_status":"","sticky":false,"template":"","format":"standard","meta":{"footnotes":""},"categories":[87],"tags":[260,135,31711,13330,663,32,666,33,1052,134],"class_list":{"0":"post-164991","1":"post","2":"type-post","3":"status-publish","4":"format-standard","5":"has-post-thumbnail","7":"category-desporto","8":"tag-atualidade","9":"tag-desporto","10":"tag-joshua-zirkzee","11":"tag-kobbie-mainoo","12":"tag-manchester-united","13":"tag-portugal","14":"tag-premier-league","15":"tag-pt","16":"tag-ruben-amorim","17":"tag-sports"},"share_on_mastodon":{"url":"https:\/\/pubeurope.com\/@pt\/115611665923668855","error":""},"_links":{"self":[{"href":"https:\/\/www.europesays.com\/pt\/wp-json\/wp\/v2\/posts\/164991","targetHints":{"allow":["GET"]}}],"collection":[{"href":"https:\/\/www.europesays.com\/pt\/wp-json\/wp\/v2\/posts"}],"about":[{"href":"https:\/\/www.europesays.com\/pt\/wp-json\/wp\/v2\/types\/post"}],"author":[{"embeddable":true,"href":"https:\/\/www.europesays.com\/pt\/wp-json\/wp\/v2\/users\/2"}],"replies":[{"embeddable":true,"href":"https:\/\/www.europesays.com\/pt\/wp-json\/wp\/v2\/comments?post=164991"}],"version-history":[{"count":0,"href":"https:\/\/www.europesays.com\/pt\/wp-json\/wp\/v2\/posts\/164991\/revisions"}],"wp:featuredmedia":[{"embeddable":true,"href":"https:\/\/www.europesays.com\/pt\/wp-json\/wp\/v2\/media\/68438"}],"wp:attachment":[{"href":"https:\/\/www.europesays.com\/pt\/wp-json\/wp\/v2\/media?parent=164991"}],"wp:term":[{"taxonomy":"category","embeddable":true,"href":"https:\/\/www.europesays.com\/pt\/wp-json\/wp\/v2\/categories?post=164991"},{"taxonomy":"post_tag","embeddable":true,"href":"https:\/\/www.europesays.com\/pt\/wp-json\/wp\/v2\/tags?post=164991"}],"curies":[{"name":"wp","href":"https:\/\/api.w.org\/{rel}","templated":true}]}}