{"id":164996,"date":"2025-11-25T18:10:17","date_gmt":"2025-11-25T18:10:17","guid":{"rendered":"https:\/\/www.europesays.com\/pt\/164996\/"},"modified":"2025-11-25T18:10:17","modified_gmt":"2025-11-25T18:10:17","slug":"queda-de-drone-obriga-a-evacuacao-de-uma-povoacao-na-moldova-cacas-da-nato-acionados-apos-incursao-na-romenia","status":"publish","type":"post","link":"https:\/\/www.europesays.com\/pt\/164996\/","title":{"rendered":"Queda de drone obriga a evacua\u00e7\u00e3o de uma povoa\u00e7\u00e3o na Moldova. Ca\u00e7as da NATO acionados ap\u00f3s incurs\u00e3o na Rom\u00e9nia"},"content":{"rendered":"<p>A pol\u00edcia da Moldova\u00a0anunciou a retirada\u00a0dos habitantes da localidade de\u00a0Cuhurestii de Jos, distrito de Floresti, no noroeste do pa\u00eds, ap\u00f3s a queda, nesta ter\u00e7a-feira, 25 de novembro, de um drone sobre uma casa, no mesmo dia em que Moscovo lan\u00e7ou um ataque contra a capital ucraniana. Foram tamb\u00e9m acionados ca\u00e7as da NATO ap\u00f3s incurs\u00e3o de drones no espa\u00e7o a\u00e9reo romeno. <\/p>\n<p>&#8220;A unidade t\u00e9cnica de explosivos da pol\u00edcia est\u00e1 a caminho do local. <strong>Os habitantes foram retirados\u00a0e a zona foi isolada pela pol\u00edcia de Floresti&#8221;<\/strong>, acrescentaram, em comunicado,\u00a0as autoridades da Rep\u00fablica da Moldova, que faz fronteira com a Ucr\u00e2nia, pa\u00eds invadido pela R\u00fassia em 2014 e em 2022.<\/p>\n<p>At\u00e9 ao momento n\u00e3o foi divulgado\u00a0o n\u00famero de pessoas retiradas do local nem a proveni\u00eancia do aparelho a\u00e9reo n\u00e3o tripulado que caiu sobre uma resid\u00eancia na\u00a0Moldova.<\/p>\n<p>Numa mensagem divulgada nas redes sociais, o presidente ucraniano, Volodymyr Zelensky, referiu que &#8220;quatro drones atravessaram o espa\u00e7o a\u00e9reo&#8221; da Moldova e Rom\u00e9nia, indicando que foram &#8220;confirmados os hor\u00e1rios exatos de sobrevoo&#8221;.<\/p>\n","protected":false},"excerpt":{"rendered":"A pol\u00edcia da Moldova\u00a0anunciou a retirada\u00a0dos habitantes da localidade de\u00a0Cuhurestii de Jos, distrito de Floresti, no noroeste do&hellip;\n","protected":false},"author":2,"featured_media":164997,"comment_status":"","ping_status":"","sticky":false,"template":"","format":"standard","meta":{"footnotes":""},"categories":[50],"tags":[27,28,15,16,889,14,25,26,21,22,14503,62,12,13,19,20,23,24,17,18,29,30,31,63,64,65],"class_list":{"0":"post-164996","1":"post","2":"type-post","3":"status-publish","4":"format-standard","5":"has-post-thumbnail","7":"category-mundo","8":"tag-breaking-news","9":"tag-breakingnews","10":"tag-featured-news","11":"tag-featurednews","12":"tag-guerra-na-ucrania","13":"tag-headlines","14":"tag-latest-news","15":"tag-latestnews","16":"tag-main-news","17":"tag-mainnews","18":"tag-moldova","19":"tag-mundo","20":"tag-news","21":"tag-noticias","22":"tag-noticias-principais","23":"tag-noticiasprincipais","24":"tag-principais-noticias","25":"tag-principaisnoticias","26":"tag-top-stories","27":"tag-topstories","28":"tag-ultimas","29":"tag-ultimas-noticias","30":"tag-ultimasnoticias","31":"tag-world","32":"tag-world-news","33":"tag-worldnews"},"share_on_mastodon":{"url":"https:\/\/pubeurope.com\/@pt\/115611685728929050","error":""},"_links":{"self":[{"href":"https:\/\/www.europesays.com\/pt\/wp-json\/wp\/v2\/posts\/164996","targetHints":{"allow":["GET"]}}],"collection":[{"href":"https:\/\/www.europesays.com\/pt\/wp-json\/wp\/v2\/posts"}],"about":[{"href":"https:\/\/www.europesays.com\/pt\/wp-json\/wp\/v2\/types\/post"}],"author":[{"embeddable":true,"href":"https:\/\/www.europesays.com\/pt\/wp-json\/wp\/v2\/users\/2"}],"replies":[{"embeddable":true,"href":"https:\/\/www.europesays.com\/pt\/wp-json\/wp\/v2\/comments?post=164996"}],"version-history":[{"count":0,"href":"https:\/\/www.europesays.com\/pt\/wp-json\/wp\/v2\/posts\/164996\/revisions"}],"wp:featuredmedia":[{"embeddable":true,"href":"https:\/\/www.europesays.com\/pt\/wp-json\/wp\/v2\/media\/164997"}],"wp:attachment":[{"href":"https:\/\/www.europesays.com\/pt\/wp-json\/wp\/v2\/media?parent=164996"}],"wp:term":[{"taxonomy":"category","embeddable":true,"href":"https:\/\/www.europesays.com\/pt\/wp-json\/wp\/v2\/categories?post=164996"},{"taxonomy":"post_tag","embeddable":true,"href":"https:\/\/www.europesays.com\/pt\/wp-json\/wp\/v2\/tags?post=164996"}],"curies":[{"name":"wp","href":"https:\/\/api.w.org\/{rel}","templated":true}]}}