{"id":165000,"date":"2025-11-25T18:12:26","date_gmt":"2025-11-25T18:12:26","guid":{"rendered":"https:\/\/www.europesays.com\/pt\/165000\/"},"modified":"2025-11-25T18:12:26","modified_gmt":"2025-11-25T18:12:26","slug":"taxa-de-juro-dos-certificados-de-aforro-sobe-para-2057-em-dezembro","status":"publish","type":"post","link":"https:\/\/www.europesays.com\/pt\/165000\/","title":{"rendered":"Taxa de juro dos Certificados de Aforro sobe para 2,057% em dezembro"},"content":{"rendered":"<p>Os Certificados de Aforro v\u00e3o voltar a render mais em dezembro. Depois da queda registada em outubro e da recupera\u00e7\u00e3o este m\u00eas, a taxa de juro do produto financeiro aumenta em dezembro, mantendo-se acima dos 2%.<\/p>\n<p>A m\u00e9dia da Euribor a tr\u00eas meses nos dez dias \u00fateis anteriores ao antepen\u00faltimo dia do m\u00eas, os que s\u00e3o levados em conta para o c\u00e1lculo da taxa de juro base m\u00e1xima, fixou-se em 2,057%, por oposi\u00e7\u00e3o aos 2,044% praticados at\u00e9 agora.<\/p>\n<p>De recordar que a m\u00e9dia da Euribor a tr\u00eas meses ficou, pela primeira vez em dois anos, abaixo dos 2,5% no final de mar\u00e7o, o que deu inicio ao ciclo de descidas que n\u00e3o tinha cessado at\u00e9 agora.<\/p>\n<p>O comportamento das taxas nos \u00faltimos meses n\u00e3o foi uma surpresa, uma vez que as Euribor est\u00e3o em tend\u00eancia de descida h\u00e1 v\u00e1rios meses e nos v\u00e1rios prazos. No caso espec\u00edfico da Euribor a tr\u00eas meses, a descida tornou-se mais evidente no in\u00edcio de 2025.<\/p>\n<p><strong>De referir que 2,5% \u00e9 a percentagem de juros que qualquer cidad\u00e3o que subscreva a S\u00e9rie F receberia enquanto a Euribor a tr\u00eas meses se mantivesse acima dos 2,5%. Contudo, o valor total de juros recebidos pode variar consoante os pr\u00e9mios de perman\u00eancia.<\/strong><\/p>\n<p style=\"text-align: start;\">Quem tenha Certificados de Aforro subscritos h\u00e1 mais tempo tem direito a pr\u00e9mios de perman\u00eancia que valem 0,25% a partir do segundo ano de subscri\u00e7\u00e3o, valor que acresce \u00e0 taxa de juro base. Isto \u00e9, ainda que a taxa de juro base esteja abaixo de 2%, pode ser de alguma forma compensada pelos pr\u00e9mios de perman\u00eancia.<\/p>\n<p style=\"text-align: start;\">No gr\u00e1fico seguinte, pode acompanhar a evolu\u00e7\u00e3o das taxas Euribor desde janeiro de 2023.<\/p>\n","protected":false},"excerpt":{"rendered":"Os Certificados de Aforro v\u00e3o voltar a render mais em dezembro. Depois da queda registada em outubro e&hellip;\n","protected":false},"author":2,"featured_media":165001,"comment_status":"","ping_status":"","sticky":false,"template":"","format":"standard","meta":{"footnotes":""},"categories":[8],"tags":[27,28,15,16,14,25,26,21,22,12,13,19,20,32,23,24,33,17,18,29,30,31],"class_list":{"0":"post-165000","1":"post","2":"type-post","3":"status-publish","4":"format-standard","5":"has-post-thumbnail","7":"category-principais-noticias","8":"tag-breaking-news","9":"tag-breakingnews","10":"tag-featured-news","11":"tag-featurednews","12":"tag-headlines","13":"tag-latest-news","14":"tag-latestnews","15":"tag-main-news","16":"tag-mainnews","17":"tag-news","18":"tag-noticias","19":"tag-noticias-principais","20":"tag-noticiasprincipais","21":"tag-portugal","22":"tag-principais-noticias","23":"tag-principaisnoticias","24":"tag-pt","25":"tag-top-stories","26":"tag-topstories","27":"tag-ultimas","28":"tag-ultimas-noticias","29":"tag-ultimasnoticias"},"share_on_mastodon":{"url":"https:\/\/pubeurope.com\/@pt\/115611693588748363","error":""},"_links":{"self":[{"href":"https:\/\/www.europesays.com\/pt\/wp-json\/wp\/v2\/posts\/165000","targetHints":{"allow":["GET"]}}],"collection":[{"href":"https:\/\/www.europesays.com\/pt\/wp-json\/wp\/v2\/posts"}],"about":[{"href":"https:\/\/www.europesays.com\/pt\/wp-json\/wp\/v2\/types\/post"}],"author":[{"embeddable":true,"href":"https:\/\/www.europesays.com\/pt\/wp-json\/wp\/v2\/users\/2"}],"replies":[{"embeddable":true,"href":"https:\/\/www.europesays.com\/pt\/wp-json\/wp\/v2\/comments?post=165000"}],"version-history":[{"count":0,"href":"https:\/\/www.europesays.com\/pt\/wp-json\/wp\/v2\/posts\/165000\/revisions"}],"wp:featuredmedia":[{"embeddable":true,"href":"https:\/\/www.europesays.com\/pt\/wp-json\/wp\/v2\/media\/165001"}],"wp:attachment":[{"href":"https:\/\/www.europesays.com\/pt\/wp-json\/wp\/v2\/media?parent=165000"}],"wp:term":[{"taxonomy":"category","embeddable":true,"href":"https:\/\/www.europesays.com\/pt\/wp-json\/wp\/v2\/categories?post=165000"},{"taxonomy":"post_tag","embeddable":true,"href":"https:\/\/www.europesays.com\/pt\/wp-json\/wp\/v2\/tags?post=165000"}],"curies":[{"name":"wp","href":"https:\/\/api.w.org\/{rel}","templated":true}]}}