{"id":165004,"date":"2025-11-25T18:16:11","date_gmt":"2025-11-25T18:16:11","guid":{"rendered":"https:\/\/www.europesays.com\/pt\/165004\/"},"modified":"2025-11-25T18:16:11","modified_gmt":"2025-11-25T18:16:11","slug":"avenida-brasil-2-traz-carminha-dividida-entre-amor-e-vinganca","status":"publish","type":"post","link":"https:\/\/www.europesays.com\/pt\/165004\/","title":{"rendered":"Avenida Brasil 2 traz Carminha dividida entre amor e vingan\u00e7a"},"content":{"rendered":"<p>O desenvolvimento da continua\u00e7\u00e3o de\u00a0<strong>Avenida Brasil\u00a0<\/strong>ter\u00e1\u00a0<strong>Carminha (Adriana Esteves)\u00a0<\/strong>no centro da hist\u00f3ria, divida entre amor, ambi\u00e7\u00e3o e vingan\u00e7a.<\/p>\n<p>De acordo com a colunista <strong>Carla Bittencourt<\/strong>, do portal LeoDias,\u00a0<strong>Carminha\u00a0<\/strong>decide deixar o lix\u00e3o, onde assumiu a lideran\u00e7a das crian\u00e7as ap\u00f3s a morte de <strong>M\u00e3e<\/strong> <strong>Lucinda (Vera Holtz)<\/strong>. Mesmo ajudando a colocar ordem no lugar, ela percebe que nunca perteceu aquele mundo.<\/p>\n<p>\u00c9 a\u00ed que\u00a0<strong>Carminha\u00a0<\/strong>decide retomar a vida que teve com\u00a0<strong>Tuf\u00e3o (Murilo Ben\u00edcio)<\/strong>, aproximando-se aos poucos da fam\u00edlia do ex-jogador de futebol, assim como\u00a0<strong>Rita\/Nina (D\u00e9bora Falabella) <\/strong>fez no passado.<\/p>\n<p>Esse acesso \u00e0 fam\u00edlia de\u00a0<strong>Tuf\u00e3o <\/strong>acontece\u00a0atrav\u00e9s de <strong>\u00c1gata (Karol Lannes)<\/strong>, a filha de <strong>Carminha<\/strong>, que passou anos fora do Brasil e volta disposta a se reaproximar da m\u00e3e.\u00a0\u00a0<\/p>\n<p>Entretanto, diferente de <strong>Nina<\/strong>, a motiva\u00e7\u00e3o de\u00a0<strong>Carminha\u00a0<\/strong>\u00e9 um mist\u00e9rio que ser\u00e1 o motor inicial da narrativa. A vil\u00e3 da trama original realmente mudou, como demonstrou no final da primeira parte, e completar\u00e1 seu arco de reden\u00e7\u00e3o? Ela ama\u00a0<strong>Tuf\u00e3o<\/strong>? Ou quer apenas vingan\u00e7a?<\/p>\n<p>\u00a0<\/p>\n","protected":false},"excerpt":{"rendered":"O desenvolvimento da continua\u00e7\u00e3o de\u00a0Avenida Brasil\u00a0ter\u00e1\u00a0Carminha (Adriana Esteves)\u00a0no centro da hist\u00f3ria, divida entre amor, ambi\u00e7\u00e3o e vingan\u00e7a. De&hellip;\n","protected":false},"author":2,"featured_media":165005,"comment_status":"","ping_status":"","sticky":false,"template":"","format":"standard","meta":{"footnotes":""},"categories":[142],"tags":[34403,34954,114,115,32,33,151],"class_list":{"0":"post-165004","1":"post","2":"type-post","3":"status-publish","4":"format-standard","5":"has-post-thumbnail","7":"category-tv","8":"tag-avenida-brasil-2","9":"tag-carminha","10":"tag-entertainment","11":"tag-entretenimento","12":"tag-portugal","13":"tag-pt","14":"tag-tv"},"share_on_mastodon":{"url":"https:\/\/pubeurope.com\/@pt\/115611709371651061","error":""},"_links":{"self":[{"href":"https:\/\/www.europesays.com\/pt\/wp-json\/wp\/v2\/posts\/165004","targetHints":{"allow":["GET"]}}],"collection":[{"href":"https:\/\/www.europesays.com\/pt\/wp-json\/wp\/v2\/posts"}],"about":[{"href":"https:\/\/www.europesays.com\/pt\/wp-json\/wp\/v2\/types\/post"}],"author":[{"embeddable":true,"href":"https:\/\/www.europesays.com\/pt\/wp-json\/wp\/v2\/users\/2"}],"replies":[{"embeddable":true,"href":"https:\/\/www.europesays.com\/pt\/wp-json\/wp\/v2\/comments?post=165004"}],"version-history":[{"count":0,"href":"https:\/\/www.europesays.com\/pt\/wp-json\/wp\/v2\/posts\/165004\/revisions"}],"wp:featuredmedia":[{"embeddable":true,"href":"https:\/\/www.europesays.com\/pt\/wp-json\/wp\/v2\/media\/165005"}],"wp:attachment":[{"href":"https:\/\/www.europesays.com\/pt\/wp-json\/wp\/v2\/media?parent=165004"}],"wp:term":[{"taxonomy":"category","embeddable":true,"href":"https:\/\/www.europesays.com\/pt\/wp-json\/wp\/v2\/categories?post=165004"},{"taxonomy":"post_tag","embeddable":true,"href":"https:\/\/www.europesays.com\/pt\/wp-json\/wp\/v2\/tags?post=165004"}],"curies":[{"name":"wp","href":"https:\/\/api.w.org\/{rel}","templated":true}]}}