{"id":165025,"date":"2025-11-25T18:28:10","date_gmt":"2025-11-25T18:28:10","guid":{"rendered":"https:\/\/www.europesays.com\/pt\/165025\/"},"modified":"2025-11-25T18:28:10","modified_gmt":"2025-11-25T18:28:10","slug":"gaby-spanic-ganha-cpf-e-oficializa-mudanca-para-o-brasil-zoeira","status":"publish","type":"post","link":"https:\/\/www.europesays.com\/pt\/165025\/","title":{"rendered":"Gaby Spanic ganha CPF e oficializa mudan\u00e7a para o Brasil &#8211; Zoeira"},"content":{"rendered":"<p>A atriz <strong>Gaby Spanic<\/strong>, aos 51 anos, deu mais um passo na mudan\u00e7a definitiva para o Brasil. A venezuelana posou sorridente em frente a uma unidade da Receita Federal e comemorou a emiss\u00e3o do CPF. &#8220;<strong>Agora sim, meus amores? J\u00e1 tenho CPF!<\/strong>&#8220;, escreveu nas redes sociais.<\/p>\n<p>A int\u00e9rprete de Paola Bracho aproveitou para brincar sobre a nova vida no Pa\u00eds, pedindo sugest\u00f5es aos seguidores. &#8220;<strong>Qual \u00e9 o melhor banco para eu depositar os &#8216;2 milh\u00f5es de d\u00f3lares&#8217; de Paola Bracho?<\/strong>&#8220;, ironizou.<\/p>\n<p>\t\t\t\tVeja tamb\u00e9m<\/p>\n<p>Participa\u00e7\u00e3o em &#8216;A Fazenda&#8217;<\/p>\n<p>A atriz decidiu se estabelecer no Brasil ap\u00f3s participa\u00e7\u00e3o em &#8220;A Fazenda 17&#8221;, da Record. Spanic acabou expulsa do programa ap\u00f3s um epis\u00f3dio de agress\u00e3o envolvendo Tamires Assis, 34.<\/p>\n<p>Em entrevistas recentes, ela explicou sua postura e o desgaste emocional que viveu no reality.<\/p>\n<p>\u201cN\u00e3o aguentava mais tanta viol\u00eancia, uma energia pesada. Aguentei muitas agress\u00f5es verbais. Era muito bullying com minha maneira de falar portugu\u00eas\u201d, afirmou ao &#8220;Hoje em Dia&#8221;.<\/p>\n","protected":false},"excerpt":{"rendered":"A atriz Gaby Spanic, aos 51 anos, deu mais um passo na mudan\u00e7a definitiva para o Brasil. A&hellip;\n","protected":false},"author":2,"featured_media":165026,"comment_status":"","ping_status":"","sticky":false,"template":"","format":"standard","meta":{"footnotes":""},"categories":[145],"tags":[211,210,114,115,32,33],"class_list":{"0":"post-165025","1":"post","2":"type-post","3":"status-publish","4":"format-standard","5":"has-post-thumbnail","7":"category-celebridades","8":"tag-celebridades","9":"tag-celebrities","10":"tag-entertainment","11":"tag-entretenimento","12":"tag-portugal","13":"tag-pt"},"share_on_mastodon":{"url":"https:\/\/pubeurope.com\/@pt\/115611756343882620","error":""},"_links":{"self":[{"href":"https:\/\/www.europesays.com\/pt\/wp-json\/wp\/v2\/posts\/165025","targetHints":{"allow":["GET"]}}],"collection":[{"href":"https:\/\/www.europesays.com\/pt\/wp-json\/wp\/v2\/posts"}],"about":[{"href":"https:\/\/www.europesays.com\/pt\/wp-json\/wp\/v2\/types\/post"}],"author":[{"embeddable":true,"href":"https:\/\/www.europesays.com\/pt\/wp-json\/wp\/v2\/users\/2"}],"replies":[{"embeddable":true,"href":"https:\/\/www.europesays.com\/pt\/wp-json\/wp\/v2\/comments?post=165025"}],"version-history":[{"count":0,"href":"https:\/\/www.europesays.com\/pt\/wp-json\/wp\/v2\/posts\/165025\/revisions"}],"wp:featuredmedia":[{"embeddable":true,"href":"https:\/\/www.europesays.com\/pt\/wp-json\/wp\/v2\/media\/165026"}],"wp:attachment":[{"href":"https:\/\/www.europesays.com\/pt\/wp-json\/wp\/v2\/media?parent=165025"}],"wp:term":[{"taxonomy":"category","embeddable":true,"href":"https:\/\/www.europesays.com\/pt\/wp-json\/wp\/v2\/categories?post=165025"},{"taxonomy":"post_tag","embeddable":true,"href":"https:\/\/www.europesays.com\/pt\/wp-json\/wp\/v2\/tags?post=165025"}],"curies":[{"name":"wp","href":"https:\/\/api.w.org\/{rel}","templated":true}]}}