{"id":165052,"date":"2025-11-25T18:56:10","date_gmt":"2025-11-25T18:56:10","guid":{"rendered":"https:\/\/www.europesays.com\/pt\/165052\/"},"modified":"2025-11-25T18:56:10","modified_gmt":"2025-11-25T18:56:10","slug":"ja-e-natal-na-casa-de-ana-garcia-martins-veja-as-fotos","status":"publish","type":"post","link":"https:\/\/www.europesays.com\/pt\/165052\/","title":{"rendered":"J\u00e1 \u00e9 Natal na casa de Ana Garcia Martins: Veja as fotos"},"content":{"rendered":"<p>Ana Garcia Martins, conhecida como A Pipoca Mais Doce no mundo digital, j\u00e1 est\u00e1 pronta para abra\u00e7ar a \u00e9poca natal\u00edcia. A influencer decorou a sua casa nova para o Natal em conjunto com os filhos, Benedita e Mateus. <\/p>\n<p>&#8220;Detalhes natal\u00edcios&#8221; escreveu a criadora de conte\u00fados digitais na legenda da partilha onde podemos observar os v\u00e1rios objetos de decora\u00e7\u00e3o. <\/p>\n<p>Nas imagens podemos ver a \u00e1rvore de Natal com os adornos t\u00edpicos e ainda uma placa a dizer: &#8220;O Pai Natal para aqui&#8221;. A influencer tem tamb\u00e9m almofadas alusivas a esta \u00e9poca, um pres\u00e9pio pequeno de madeira, a tradicional bota para as prendas e dois quebra nozes. <\/p>\n<p>Na \u00e1rvore de Natal \u00e9 ainda poss\u00edvel ver uma foto de fam\u00edlia de Ana Garcia com os dois filhos e uma bola pendurada com o formato de rato Mickey. <\/p>\n<p>&#8220;Pai Natal, vivemos aqui e este ano port\u00e1mo-nos bem. Podes visitar-nos? Beni e Mateus. Feliz Natal&#8221;, pode ler-se numa placa de madeira pendurada na porta de casa da influencer. <\/p>\n<p>Veja as imagens em detalhe na nossa galeria. <\/p>\n<p>Recorde-se que Mateus, de 12 anos e Benedita, de sete, s\u00e3o filhos de Ana Garcia Martins com Ricardo Martins Pereira. O casal esteve casado dez anos mas separou-se em 2020.<\/p>\n<p>Recentemente, O Arrumadinho (como tamb\u00e9m \u00e9 conhecido) foi pai pela quarta vez do pequeno Manuel Veloso Martins, fruto da rela\u00e7\u00e3o com Sara Veloso, no passado dia 21 de outubro. O comentador da CMTV tem ainda outro filho, Henrique, de 18 anos, de um anterior relacionamento.<\/p>\n<p> <img decoding=\"async\" src=\"https:\/\/www.europesays.com\/pt\/wp-content\/uploads\/2025\/11\/naom_68fbecc3685ca.jpg\" border=\"0\" alt=\"\"\/>   <\/p>\n<p>Ricardo Martins Pereira j\u00e1 levou o seu filho mais novo, Manuel, para casa. A novidade foi dada pelo comentador da CMTV nas redes sociais. O beb\u00e9 \u00e9 fruto da sua rela\u00e7\u00e3o com Sara Veloso e nasceu dia 21 de outubro.<\/p>\n<p> Not\u00edcias ao Minuto | 22:52 &#8211; 24\/10\/2025  <\/p>\n","protected":false},"excerpt":{"rendered":"Ana Garcia Martins, conhecida como A Pipoca Mais Doce no mundo digital, j\u00e1 est\u00e1 pronta para abra\u00e7ar a&hellip;\n","protected":false},"author":2,"featured_media":165053,"comment_status":"","ping_status":"","sticky":false,"template":"","format":"standard","meta":{"footnotes":""},"categories":[145],"tags":[211,210,114,115,32,33],"class_list":{"0":"post-165052","1":"post","2":"type-post","3":"status-publish","4":"format-standard","5":"has-post-thumbnail","7":"category-celebridades","8":"tag-celebridades","9":"tag-celebrities","10":"tag-entertainment","11":"tag-entretenimento","12":"tag-portugal","13":"tag-pt"},"share_on_mastodon":{"url":"https:\/\/pubeurope.com\/@pt\/115611866619634809","error":""},"_links":{"self":[{"href":"https:\/\/www.europesays.com\/pt\/wp-json\/wp\/v2\/posts\/165052","targetHints":{"allow":["GET"]}}],"collection":[{"href":"https:\/\/www.europesays.com\/pt\/wp-json\/wp\/v2\/posts"}],"about":[{"href":"https:\/\/www.europesays.com\/pt\/wp-json\/wp\/v2\/types\/post"}],"author":[{"embeddable":true,"href":"https:\/\/www.europesays.com\/pt\/wp-json\/wp\/v2\/users\/2"}],"replies":[{"embeddable":true,"href":"https:\/\/www.europesays.com\/pt\/wp-json\/wp\/v2\/comments?post=165052"}],"version-history":[{"count":0,"href":"https:\/\/www.europesays.com\/pt\/wp-json\/wp\/v2\/posts\/165052\/revisions"}],"wp:featuredmedia":[{"embeddable":true,"href":"https:\/\/www.europesays.com\/pt\/wp-json\/wp\/v2\/media\/165053"}],"wp:attachment":[{"href":"https:\/\/www.europesays.com\/pt\/wp-json\/wp\/v2\/media?parent=165052"}],"wp:term":[{"taxonomy":"category","embeddable":true,"href":"https:\/\/www.europesays.com\/pt\/wp-json\/wp\/v2\/categories?post=165052"},{"taxonomy":"post_tag","embeddable":true,"href":"https:\/\/www.europesays.com\/pt\/wp-json\/wp\/v2\/tags?post=165052"}],"curies":[{"name":"wp","href":"https:\/\/api.w.org\/{rel}","templated":true}]}}