{"id":165054,"date":"2025-11-25T18:59:10","date_gmt":"2025-11-25T18:59:10","guid":{"rendered":"https:\/\/www.europesays.com\/pt\/165054\/"},"modified":"2025-11-25T18:59:10","modified_gmt":"2025-11-25T18:59:10","slug":"um-carro-de-luxo-a-bomba-de-248-mil-euros-de-uma-ex-concorrente-que-deixou-todos-de-boca-aberta-secret-story","status":"publish","type":"post","link":"https:\/\/www.europesays.com\/pt\/165054\/","title":{"rendered":"Um carro de luxo: a bomba de 248 mil euros de uma ex-concorrente que deixou todos de boca aberta &#8211; Secret Story"},"content":{"rendered":"<p data-end=\"407\" data-start=\"78\">Duas semanas depois de abandonar aCasa dos Segredos 9, Joana marcou presen\u00e7a na gala mais recente do reality show da TVI e n\u00e3o passou despercebida. A ex-concorrente fez quest\u00e3o de chegar aos est\u00fadios em grande estilo, combinando um look ousado e muito sensual com <strong>o seu carro de luxo<\/strong>.<\/p>\n<p data-end=\"672\" data-start=\"409\">Nas redes sociais, Joana partilhou v\u00e1rias fotografias ao lado da impressionante viatura: um<strong> Mercedes-AMG GLE Coup\u00e9, cujo modelo mais econ\u00f3mico tem um valor base de 248 mil euros<\/strong>, praticamente o equivalente ao pr\u00e9mio que o vencedor do Secret Story 9 ir\u00e1 arrecadar.\u00a0<\/p>\n<p data-end=\"672\" data-start=\"409\">A viatura em quest\u00e3o pertence \u00e0 gama Mercedes\u2011AMG GLE Coup\u00e9, que se distingue por aliar luxo e desempenho de alta gama. A vers\u00e3o h\u00edbrida plug-in combina um motor de seis cilindros com um motor el\u00e9ctrico, com acelera\u00e7\u00e3o de 0 a 100 km\/h em apenas 4,7 segundos. No interior, destaca-se o cockpit panor\u00e2mico, bancos desportivos e volante com teclas de controlo, enquanto o exterior exibe jantes forjadas e uma dianteira redesenhada que transmite um car\u00e1cter \u00fanico.<\/p>\n<p data-end=\"672\" data-start=\"409\"><a href=\"https:\/\/tvi.iol.pt\/secretstory\/fotos\/as-imagens-do-carro-de-luxo-de-ex-concorrente-que-esta-a-deixar-todos-chocados\/69258e30d34e3caad84ba91c\" rel=\"nofollow noopener\" target=\"_blank\"><strong>Veja as imagens do carro aqui.<\/strong><\/a><\/p>\n<p data-end=\"1019\" data-is-last-node=\"\" data-is-only-node=\"\" data-start=\"674\">Ainda assim, apesar do impacto do autom\u00f3vel, foi o visual arrasador escolhido por Joana para a ocasi\u00e3o que mais elogios reuniu entre f\u00e3s e antigos participantes de reality shows da TVI. \u201cOMGGGGG que arraso! \u2764\ufe0f\u201d, \u201cMARAVILHOSA \ud83d\udd25\u201d, \u201cPODEROSA! \ud83d\udd25\u2764\ufe0f\u200d\ud83d\udd25\u201d, \u201cUma brasa \ud83d\ude2d\u201d e \u201cDeusaaaaaaa \ud83d\udd25\u201d, pode ler-se nos coment\u00e1rios.<\/p>\n<blockquote class=\"instagram-media\" data-instgrm-captioned=\"\" data-instgrm-permalink=\"https:\/\/www.instagram.com\/p\/DQkTw1MjSoy\/?utm_source=ig_embed&amp;utm_campaign=loading\" data-instgrm-version=\"14\" style=\" background:#FFF; border:0; border-radius:3px; box-shadow:0 0 1px 0 rgba(0,0,0,0.5),0 1px 10px 0 rgba(0,0,0,0.15); margin: 1px; max-width:540px; min-width:326px; padding:0; width:99.375%; width:-webkit-calc(100% - 2px); width:calc(100% - 2px);\">\n<\/blockquote>\n<p>                        <script async src=\"\/\/www.instagram.com\/embed.js\"><\/script><\/p>\n","protected":false},"excerpt":{"rendered":"Duas semanas depois de abandonar aCasa dos Segredos 9, Joana marcou presen\u00e7a na gala mais recente do reality&hellip;\n","protected":false},"author":2,"featured_media":165055,"comment_status":"","ping_status":"","sticky":false,"template":"","format":"standard","meta":{"footnotes":""},"categories":[142],"tags":[18706,114,115,18705,21584,32,33,151,18704],"class_list":{"0":"post-165054","1":"post","2":"type-post","3":"status-publish","4":"format-standard","5":"has-post-thumbnail","7":"category-tv","8":"tag-bastidores-secret-story","9":"tag-entertainment","10":"tag-entretenimento","11":"tag-entrevistas-concorrentes-tvi","12":"tag-joana-pinheiro","13":"tag-portugal","14":"tag-pt","15":"tag-tv","16":"tag-vida-fora-da-casa"},"share_on_mastodon":{"url":"https:\/\/pubeurope.com\/@pt\/115611878415710096","error":""},"_links":{"self":[{"href":"https:\/\/www.europesays.com\/pt\/wp-json\/wp\/v2\/posts\/165054","targetHints":{"allow":["GET"]}}],"collection":[{"href":"https:\/\/www.europesays.com\/pt\/wp-json\/wp\/v2\/posts"}],"about":[{"href":"https:\/\/www.europesays.com\/pt\/wp-json\/wp\/v2\/types\/post"}],"author":[{"embeddable":true,"href":"https:\/\/www.europesays.com\/pt\/wp-json\/wp\/v2\/users\/2"}],"replies":[{"embeddable":true,"href":"https:\/\/www.europesays.com\/pt\/wp-json\/wp\/v2\/comments?post=165054"}],"version-history":[{"count":0,"href":"https:\/\/www.europesays.com\/pt\/wp-json\/wp\/v2\/posts\/165054\/revisions"}],"wp:featuredmedia":[{"embeddable":true,"href":"https:\/\/www.europesays.com\/pt\/wp-json\/wp\/v2\/media\/165055"}],"wp:attachment":[{"href":"https:\/\/www.europesays.com\/pt\/wp-json\/wp\/v2\/media?parent=165054"}],"wp:term":[{"taxonomy":"category","embeddable":true,"href":"https:\/\/www.europesays.com\/pt\/wp-json\/wp\/v2\/categories?post=165054"},{"taxonomy":"post_tag","embeddable":true,"href":"https:\/\/www.europesays.com\/pt\/wp-json\/wp\/v2\/tags?post=165054"}],"curies":[{"name":"wp","href":"https:\/\/api.w.org\/{rel}","templated":true}]}}