{"id":165096,"date":"2025-11-25T19:41:22","date_gmt":"2025-11-25T19:41:22","guid":{"rendered":"https:\/\/www.europesays.com\/pt\/165096\/"},"modified":"2025-11-25T19:41:22","modified_gmt":"2025-11-25T19:41:22","slug":"cinzas-de-preta-gil-viram-diamantes-para-familia-e-amigos-proximos","status":"publish","type":"post","link":"https:\/\/www.europesays.com\/pt\/165096\/","title":{"rendered":"Cinzas de Preta Gil viram diamantes para fam\u00edlia e amigos pr\u00f3ximos"},"content":{"rendered":"\n<p class=\" content-text__container theme-color-primary-first-letter\" data-track-category=\"Link no Texto\" data-track-links=\"\"> As cinzas da cantora <a class=\"\" href=\"https:\/\/revistaquem.globo.com\/famoso\/preta-gil\/\" rel=\"nofollow noopener\" target=\"_blank\">Preta Gil<\/a>, <a class=\"\" href=\"https:\/\/revistaquem.globo.com\/noticias\/noticia\/2025\/07\/preta-gil-morre-aos-50-anos.ghtml\" rel=\"nofollow noopener\" target=\"_blank\">que morreu aos 50 anos<\/a>, foram transformadas em diamantes, seguindo a sua vontade expressa em vida. As joias, apresentadas no Fant\u00e1stico, levaram cerca de dois meses para concluir a confec\u00e7\u00e3o. Al\u00e9m da fam\u00edlia Gil, amigos pr\u00f3ximos da artista, pertencentes ao grupo Diamonds, tamb\u00e9m receberam as pedras preciosa, que s\u00e3o: <a class=\"\" href=\"https:\/\/revistaquem.globo.com\/famoso\/gominho\/\" rel=\"nofollow noopener\" target=\"_blank\">Gominho<\/a>, <strong>Duh Marinho<\/strong>, <strong>Jude<\/strong>, <strong>Soraya<\/strong>, e <strong>Malu Barbosa<\/strong>. <\/p>\n","protected":false},"excerpt":{"rendered":"As cinzas da cantora Preta Gil, que morreu aos 50 anos, foram transformadas em diamantes, seguindo a sua&hellip;\n","protected":false},"author":2,"featured_media":165097,"comment_status":"","ping_status":"","sticky":false,"template":"","format":"standard","meta":{"footnotes":""},"categories":[145],"tags":[211,210,114,115,1021,32,862,33],"class_list":{"0":"post-165096","1":"post","2":"type-post","3":"status-publish","4":"format-standard","5":"has-post-thumbnail","7":"category-celebridades","8":"tag-celebridades","9":"tag-celebrities","10":"tag-entertainment","11":"tag-entretenimento","12":"tag-gominho","13":"tag-portugal","14":"tag-preta-gil","15":"tag-pt"},"share_on_mastodon":{"url":"https:\/\/pubeurope.com\/@pt\/115612043397010279","error":""},"_links":{"self":[{"href":"https:\/\/www.europesays.com\/pt\/wp-json\/wp\/v2\/posts\/165096","targetHints":{"allow":["GET"]}}],"collection":[{"href":"https:\/\/www.europesays.com\/pt\/wp-json\/wp\/v2\/posts"}],"about":[{"href":"https:\/\/www.europesays.com\/pt\/wp-json\/wp\/v2\/types\/post"}],"author":[{"embeddable":true,"href":"https:\/\/www.europesays.com\/pt\/wp-json\/wp\/v2\/users\/2"}],"replies":[{"embeddable":true,"href":"https:\/\/www.europesays.com\/pt\/wp-json\/wp\/v2\/comments?post=165096"}],"version-history":[{"count":0,"href":"https:\/\/www.europesays.com\/pt\/wp-json\/wp\/v2\/posts\/165096\/revisions"}],"wp:featuredmedia":[{"embeddable":true,"href":"https:\/\/www.europesays.com\/pt\/wp-json\/wp\/v2\/media\/165097"}],"wp:attachment":[{"href":"https:\/\/www.europesays.com\/pt\/wp-json\/wp\/v2\/media?parent=165096"}],"wp:term":[{"taxonomy":"category","embeddable":true,"href":"https:\/\/www.europesays.com\/pt\/wp-json\/wp\/v2\/categories?post=165096"},{"taxonomy":"post_tag","embeddable":true,"href":"https:\/\/www.europesays.com\/pt\/wp-json\/wp\/v2\/tags?post=165096"}],"curies":[{"name":"wp","href":"https:\/\/api.w.org\/{rel}","templated":true}]}}