{"id":165106,"date":"2025-11-25T19:48:09","date_gmt":"2025-11-25T19:48:09","guid":{"rendered":"https:\/\/www.europesays.com\/pt\/165106\/"},"modified":"2025-11-25T19:48:09","modified_gmt":"2025-11-25T19:48:09","slug":"nova-estirpe-e-pressao-no-sns-cinco-respostas-sobre-a-gripe-observador","status":"publish","type":"post","link":"https:\/\/www.europesays.com\/pt\/165106\/","title":{"rendered":"Nova estirpe e press\u00e3o no SNS. Cinco respostas sobre a gripe \u2013 Observador"},"content":{"rendered":"<p>De acordo com o \u00faltimo <a href=\"https:\/\/www.dgs.pt\/em-destaque\/mais-de-um-terco-das-criancas-com-6-a-23-meses-de-idade-ja-foram-vacinadas-contra-a-gripe-pdf.aspx\" rel=\"nofollow noopener\" target=\"_blank\">relat\u00f3rio<\/a> de monitoriza\u00e7\u00e3o da DGS, divulgado esta ter\u00e7a-feira, a cobertura vacinal aumentou nos dois grupos mais idosos. No grupo et\u00e1rio potencialmente mais vulner\u00e1vel, acima dos 85 anos (e para o qual est\u00e1 indicada a vacina de dose elevada, que confere maior prote\u00e7\u00e3o), a taxa de cobertura atingiu j\u00e1 os 80,6%, acima dos 78,9% <a href=\"https:\/\/www.dgs.pt\/em-destaque\/relatorio-n-10-da-vacinacao-sazonal-20242025-pdf.aspx\" rel=\"nofollow noopener\" target=\"_blank\">registados na mesma semana<\/a> do ano passado. Tamb\u00e9m no grupo anterior, dos 80 aos 84 anos, se regista um aumento, tendo a cobertura vacinal aumentado de 68,9% para 70,8%. Contudo, h\u00e1 menos ades\u00e3o nas faixas et\u00e1rias entre os 70 e os 79 anos e tamb\u00e9m entre os 60 e os 69 anos, o que leva \u00e0 <strong>diminui\u00e7\u00e3o da taxa de vacina\u00e7\u00e3o somada de todos os maiores de 65 anos<\/strong>. Se consideramos este indicador, h\u00e1, nesta \u00e9poca gripal, menos 15 mil pessoas vacinadas.<\/p>\n<blockquote class=\"wp-embedded-content\" data-secret=\"znkM1TWmT4\">\n<p><a href=\"https:\/\/observador.pt\/2025\/11\/25\/dgs-mais-de-um-terco-das-criancas-com-6-a-23-meses-ja-vacinadas-contra-a-gripe\/\" rel=\"nofollow noopener\" target=\"_blank\">DGS. Mais de um ter\u00e7o das crian\u00e7as com 6 a 23 meses j\u00e1 vacinadas contra a gripe<\/a><\/p>\n<\/blockquote>\n<p>O n\u00famero de vacinados global \u00e9 este ano maior, tamb\u00e9m devido \u00e0 principal <a href=\"https:\/\/observador.pt\/2025\/11\/25\/dgs-mais-de-um-terco-das-criancas-com-6-a-23-meses-ja-vacinadas-contra-a-gripe\/\" rel=\"nofollow noopener\" target=\"_blank\">novidade<\/a> da campanha de vacina\u00e7\u00e3o de 2025\/2026: o alargamento a todas as crian\u00e7as dos 6 aos 23 meses, independentemente de serem saud\u00e1veis ou pertencerem a grupos de risco. Esta altera\u00e7\u00e3o permitiu j\u00e1 vacinar mais de 43 mil crian\u00e7as, cerca de um ter\u00e7o das eleg\u00edveis.<\/p>\n<p>Apesar de ainda se manter em valores reduzidos e normais para a \u00e9poca, a atividade gripal est\u00e1 a acelerar. Segundo o \u00faltimo <a href=\"https:\/\/www.insa.min-saude.pt\/wp-content\/uploads\/2025\/11\/S45_2025.pdf\" rel=\"nofollow noopener\" target=\"_blank\">relat\u00f3rio<\/a> do Instituto Nacional e Sa\u00fade Doutor Ricardo Jorge, referente \u00e0 semana entre 10 e 16 de novembro, foram detetados <strong>185 casos positivos, um aumento de praticamente 50% em rela\u00e7\u00e3o \u00e0 semana anterior<\/strong> (na qual tinha sido registados, pela Rede Portuguesa de Laborat\u00f3rios para o Diagn\u00f3stico da Gripe e Outros V\u00edrus Respirat\u00f3rios, 124 casos).<\/p>\n<p>No entanto, o relat\u00f3rio aponta para um in\u00edcio mais precoce do v\u00edrus Influenza nesta \u00e9poca gripal em rela\u00e7\u00e3o \u00e0 anterior. \u201cA circula\u00e7\u00e3o do v\u00edrus da gripe mant\u00e9m-se em n\u00edveis baixos, observando-se, no entanto, uma tend\u00eancia crescente com 3 a 4 semanas de anteced\u00eancia em rela\u00e7\u00e3o \u00e0s duas \u00e9pocas anteriores\u201d, aponta o INSA.<\/p>\n<p>O m\u00e9dico de sa\u00fade p\u00fablica Bernardo Gomes lembra o aviso feito pelo Centro Europeu de Preven\u00e7\u00e3o e Controlo de Doen\u00e7as, que alertou, h\u00e1 poucos dias, a popula\u00e7\u00e3o para um \u201cmaior risco de complica\u00e7\u00f5es e uma \u00e9poca mais complicada este ano devido, efetivamente, \u00e0 emerg\u00eancia de uma estirpe que n\u00e3o est\u00e1 prevista nas vacinas\u201d.<\/p>\n<p>A efic\u00e1cia das vacinas dispon\u00edveis varia mas, normalmente, r<strong>onda os 70%<\/strong>, diz o pneumologista Lu\u00eds Rocha. Ou seja, quem toma a vacina tem 70% menos probabilidade de contrair a infe\u00e7\u00e3o e, consequentemente, de desenvolver doen\u00e7a grave. O presidente da ANMSP real\u00e7a que a efic\u00e1cia varia de ano para ano. \u201cPodemos estar a falar de 40 a 50% de efic\u00e1cia. Para eventos mais complicados [para doen\u00e7a grave], os n\u00fameros s\u00e3o superiores\u201d, diz Bernardo Gomes.<\/p>\n<p>No entanto, a vacina dispon\u00edvel na presente \u00e9poca vacinal, cujo processo de produ\u00e7\u00e3o terminou na \u00faltima primavera, n\u00e3o contempla a mais recente muta\u00e7\u00e3o do v\u00edrus, isto \u00e9, a estirpe K do H3N2. \u201cAs an\u00e1lises antig\u00e9nicas e serol\u00f3gicas\u00a0in vitro\u00a0tamb\u00e9m sugerem uma incompatibilidade entre a vacina e este novo\u00a0subclade [estirpe]\u201d, refere o Centro Europeu de Preven\u00e7\u00e3o e Controlo de Doen\u00e7as, acrescentando que \u201cos dados reais sobre a efic\u00e1cia da vacina s\u00e3o ainda limitados\u201d. Por isso, a efic\u00e1cia ser\u00e1 menor, advertem os especialistas, o que poder\u00e1 resultar num aumento da doen\u00e7a grave e da press\u00e3o sobre os servi\u00e7os de sa\u00fade.<\/p>\n<p>No entanto, os especialistas refor\u00e7am a import\u00e2ncia da vacina\u00e7\u00e3o, a arma mais eficaz na preven\u00e7\u00e3o da infe\u00e7\u00e3o. E quanto mais cedo os grupos de risco forem imunizados, maior prote\u00e7\u00e3o ter\u00e3o contra a gripe, principalmente nos meses de inverno, onde a circula\u00e7\u00e3o do v\u00edrus Influenza \u00e9 mais intensa. \u201c<strong>A primeira mensagem \u00e9 que as pessoas se devem vacinar,<\/strong> principalmente nos grupos de risco acima dos 60 anos, em que existem mais doen\u00e7as cr\u00f3nicas associadas, como doen\u00e7a respirat\u00f3ria, card\u00edaca, hep\u00e1tica, renal ou diabetes\u201d, sublinha Lu\u00eds Rocha.<\/p>\n<p>No entanto, lembra Bernardo Gomes, al\u00e9m da vacina\u00e7\u00e3o h\u00e1 outros cuidados que a popula\u00e7\u00e3o deve adotar de forma a minimizar os riscos desta \u00e9poca gripal. \u201cSe \u00a0as pessoas tiverem mais cuidado com o distanciamento de pessoas doentes, n\u00e3o contagiarem outros e, eventualmente, tiverem cuidado com a ventila\u00e7\u00e3o das salas (ter esses espa\u00e7os bem ventilados), se o clima ajudar e estiver mais quente durante o per\u00edodo de inverno, tudo isto faz com que, depois, a previs\u00e3o acabe por n\u00e3o se tornar verdade\u201d, diz o m\u00e9dico, referindo-se ao receio, generalizado na \u00e1rea da sa\u00fade, de que o inverno que se aproxima ser\u00e1 mais exigente que o \u00faltimo.<\/p>\n","protected":false},"excerpt":{"rendered":"De acordo com o \u00faltimo relat\u00f3rio de monitoriza\u00e7\u00e3o da DGS, divulgado esta ter\u00e7a-feira, a cobertura vacinal aumentou nos&hellip;\n","protected":false},"author":2,"featured_media":165107,"comment_status":"","ping_status":"","sticky":false,"template":"","format":"standard","meta":{"footnotes":""},"categories":[86],"tags":[964,442,1418,116,2648,7189,1009,57,32,33,2946,117,1209,58,2782],"class_list":{"0":"post-165106","1":"post","2":"type-post","3":"status-publish","4":"format-standard","5":"has-post-thumbnail","7":"category-saude","8":"tag-ambiente","9":"tag-ciu00eancia","10":"tag-gripe","11":"tag-health","12":"tag-hospitais","13":"tag-inverno","14":"tag-natureza","15":"tag-pau00eds","16":"tag-portugal","17":"tag-pt","18":"tag-sau00fade","19":"tag-saude","20":"tag-serviu00e7o-nacional-de-sau00fade","21":"tag-sociedade","22":"tag-vacinas"},"share_on_mastodon":{"url":"https:\/\/pubeurope.com\/@pt\/115612070889398390","error":""},"_links":{"self":[{"href":"https:\/\/www.europesays.com\/pt\/wp-json\/wp\/v2\/posts\/165106","targetHints":{"allow":["GET"]}}],"collection":[{"href":"https:\/\/www.europesays.com\/pt\/wp-json\/wp\/v2\/posts"}],"about":[{"href":"https:\/\/www.europesays.com\/pt\/wp-json\/wp\/v2\/types\/post"}],"author":[{"embeddable":true,"href":"https:\/\/www.europesays.com\/pt\/wp-json\/wp\/v2\/users\/2"}],"replies":[{"embeddable":true,"href":"https:\/\/www.europesays.com\/pt\/wp-json\/wp\/v2\/comments?post=165106"}],"version-history":[{"count":0,"href":"https:\/\/www.europesays.com\/pt\/wp-json\/wp\/v2\/posts\/165106\/revisions"}],"wp:featuredmedia":[{"embeddable":true,"href":"https:\/\/www.europesays.com\/pt\/wp-json\/wp\/v2\/media\/165107"}],"wp:attachment":[{"href":"https:\/\/www.europesays.com\/pt\/wp-json\/wp\/v2\/media?parent=165106"}],"wp:term":[{"taxonomy":"category","embeddable":true,"href":"https:\/\/www.europesays.com\/pt\/wp-json\/wp\/v2\/categories?post=165106"},{"taxonomy":"post_tag","embeddable":true,"href":"https:\/\/www.europesays.com\/pt\/wp-json\/wp\/v2\/tags?post=165106"}],"curies":[{"name":"wp","href":"https:\/\/api.w.org\/{rel}","templated":true}]}}