{"id":165110,"date":"2025-11-25T19:57:14","date_gmt":"2025-11-25T19:57:14","guid":{"rendered":"https:\/\/www.europesays.com\/pt\/165110\/"},"modified":"2025-11-25T19:57:14","modified_gmt":"2025-11-25T19:57:14","slug":"filhos-retirados-a-casal-que-vive-em-cabana-remota-numa-floresta-em-italia","status":"publish","type":"post","link":"https:\/\/www.europesays.com\/pt\/165110\/","title":{"rendered":"Filhos retirados a casal que vive em cabana remota numa floresta em It\u00e1lia"},"content":{"rendered":"<p data-remotead-prev-elm=\"true\" data-remotead-elm-id=\"inread\">A primeira-ministra Giorgia Meloni, l\u00edder de um Governo de extrema-direita que defende os valores da fam\u00edlia, estaria preocupada com o caso, que ocorreu perto de Chieti, na regi\u00e3o leste de Abruzzo, onde a fam\u00edlia vive isolada desde 2021.<\/p>\n<p>Na quinta-feira, o tribunal de menores de Aquila, uma cidade pr\u00f3xima, suspendeu a responsabilidade parental do casal e ordenou a transfer\u00eancia das crian\u00e7as para um abrigo com a m\u00e3e. O tribunal citou as prec\u00e1rias condi\u00e7\u00f5es sanit\u00e1rias da casa e o ensino dom\u00e9stico n\u00e3o autorizado da filha de oito anos e dos g\u00e9meos de seis anos.<\/p>\n<p>A decis\u00e3o provocou uma onda de ataques verbais e amea\u00e7as online contra a ju\u00edza. Uma peti\u00e7\u00e3o para &#8220;salvar a fam\u00edlia que vive na floresta&#8221; <a href=\"https:\/\/www.change.org\/p\/salviamo-la-famiglia-che-vive-nel-bosco\" target=\"_blank\" rel=\"nofollow noopener\">j\u00e1 reuniu mais de 146 mil assinaturas.<\/a><\/p>\n<p data-remotead-prev-elm=\"true\" data-remotead-elm-id=\"centro1\">O vice-primeiro-ministro italiano e l\u00edder do partido de extrema-direita Liga, Matteo Salvini, classificou as a\u00e7\u00f5es do juiz como &#8220;indignas, preocupantes, perigosas e vergonhosas&#8221;, descrevendo-as como um &#8220;rapto&#8221; dos menores&#8221;. &#8220;Ju\u00edzes e assistentes sociais em Abruzzo, n\u00e3o sejam um inc\u00f3modo&#8221;, disse, apontando para a necessidade de uma reforma judicial.<\/p>\n<p><img decoding=\"async\" class=\"ngx-body\" guid=\"67196410-426a-403e-963c-f6da9fc5b056\" src=\"https:\/\/www.europesays.com\/pt\/wp-content\/uploads\/2025\/11\/1764100633_562_image.webp\" width=\"100%\"\/>Foto: Antonella Salvatore\/AFP<\/p>\n<p>&#8220;Crian\u00e7as felizes e saud\u00e1veis&#8221;<\/p>\n<p>Defendendo o seu estilo de vida como &#8220;sem stress&#8221; e em harmonia com a natureza, a australiana Catherine Birmingham e o brit\u00e2nico Nathan Trevallion disseram, este m\u00eas, \u00e0 emissora nacional Rai que os filhos estavam a &#8220;crescer melhor&#8221; na sua casa na floresta.<\/p>\n<p data-remotead-prev-elm=\"true\" data-remotead-elm-id=\"centro2\">Uma visita guiada \u00e0 casa, concedida \u00e0 Rai, mostrou um fog\u00e3o a lenha na cozinha, camas infantis coloridas cobertas de peluches e luzes de Natal espalhadas pela casa. A eletricidade \u00e9 fornecida por pain\u00e9is solares, enquanto a casa de banho \u00e9 compost\u00e1vel e est\u00e1 num barrac\u00e3o no exterior, onde um burro, um cavalo, c\u00e3es, gatos, galinhas e patos circulam por uma clareira entre as \u00e1rvores.<\/p>\n<p>&#8220;As crian\u00e7as est\u00e3o felizes e saud\u00e1veis. N\u00e3o fizemos nada de errado por querermos voltar \u00e0 natureza&#8221;, disse Birmingham \u00e0 Rai.<\/p>\n<p>Por\u00e9m, os meios de comunica\u00e7\u00e3o locais noticiaram que as crian\u00e7as n\u00e3o s\u00e3o vacinadas e n\u00e3o frequentam a escola, uma vez que os pais n\u00e3o apresentaram o pedido de ensino dom\u00e9stico \u00e0s autoridades locais.<\/p>\n<p data-remotead-prev-elm=\"true\" data-remotead-elm-id=\"centro3\">Na tarde de segunda-feira, o Minist\u00e9rio da Educa\u00e7\u00e3o emitiu um comunicado, afirmando que a secretaria regional de educa\u00e7\u00e3o confirmou que &#8220;a escolaridade obrigat\u00f3ria tem sido conclu\u00edda regularmente atrav\u00e9s do ensino dom\u00e9stico&#8221;, legal em It\u00e1lia, segundo as ag\u00eancias noticiosas.<\/p>\n<p>Os assistentes sociais foram chamados no ano passado depois de um dos filhos do casal ter ingerido cogumelos venenosos e ter sido levado para o hospital.<\/p>\n<p><img decoding=\"async\" class=\"ngx-body\" guid=\"d4a55a26-f3ce-43f0-a83a-d1f731513a18\" src=\"https:\/\/www.europesays.com\/pt\/wp-content\/uploads\/2025\/11\/1764100634_930_image.webp\" width=\"100%\"\/>Foto: Antonella Salvatore\/AFP<\/p>\n<p>Fa\u00e7\u00f5es pol\u00edticas<\/p>\n<p data-remotead-prev-elm=\"true\" data-remotead-elm-id=\"centro4\">O poder dos ju\u00edzes tem gerado debates p\u00fablicos em It\u00e1lia, \u00e0 medida que a principal reforma da justi\u00e7a de Meloni, que inclui a separa\u00e7\u00e3o das carreiras de ju\u00edzes e procuradores, caminha para um referendo no pr\u00f3ximo ano.<\/p>\n<p>Os ju\u00edzes t\u00eam criticado a interfer\u00eancia do governo, afirmando que a reforma ir\u00e1 restringir a sua independ\u00eancia, enquanto o governo acusa o poder judicial de parcialidade pol\u00edtica.<\/p>\n<p>As associa\u00e7\u00f5es de magistrados defenderam a decis\u00e3o do tribunal de \u00c1quila de retirar as crian\u00e7as da guarda da fam\u00edlia e criticaram o que chamaram de explora\u00e7\u00e3o do caso para fins pol\u00edticos.<\/p>\n<p data-remotead-prev-elm=\"true\" data-remotead-elm-id=\"centro5\">&#8220;Rejeitamos qualquer forma de explora\u00e7\u00e3o expressa nos \u00faltimos dias por algumas fa\u00e7\u00f5es pol\u00edticas e pelos meios de comunica\u00e7\u00e3o social, que n\u00e3o consideram a complexidade e a sensibilidade dos direitos em causa&#8221;, afirmou a Associa\u00e7\u00e3o Italiana de Magistrados para Menores e para a Fam\u00edlia.<\/p>\n<p>Em comunicado, a associa\u00e7\u00e3o observou que a decis\u00e3o do tribunal ocorreu ap\u00f3s um per\u00edodo de observa\u00e7\u00e3o de um ano, &#8220;durante o qual as ordens do tribunal foram sistematicamente desrespeitadas pelos pais&#8221;.<\/p>\n<p>Na segunda-feira, o Conselho Superior da Magistratura (CSM), respons\u00e1vel pela independ\u00eancia judicial e por quest\u00f5es disciplinares, abriu um processo para proteger os magistrados em causa. O CSM afirmou que as recentes declara\u00e7\u00f5es de pol\u00edticos &#8220;ultrapassam os limites da cr\u00edtica leg\u00edtima a um ato judicial e acabam por afetar diretamente o trabalho dos magistrados do Tribunal de Menores, expondo-os a press\u00f5es indevidas, inclusive atrav\u00e9s dos meios de comunica\u00e7\u00e3o social&#8221;.<\/p>\n","protected":false},"excerpt":{"rendered":"A primeira-ministra Giorgia Meloni, l\u00edder de um Governo de extrema-direita que defende os valores da fam\u00edlia, estaria preocupada&hellip;\n","protected":false},"author":2,"featured_media":165111,"comment_status":"","ping_status":"","sticky":false,"template":"","format":"standard","meta":{"footnotes":""},"categories":[50],"tags":[27,28,981,15,16,14,233,25,26,21,22,62,12,13,19,20,23,24,17,18,29,30,31,63,64,65],"class_list":{"0":"post-165110","1":"post","2":"type-post","3":"status-publish","4":"format-standard","5":"has-post-thumbnail","7":"category-mundo","8":"tag-breaking-news","9":"tag-breakingnews","10":"tag-familia","11":"tag-featured-news","12":"tag-featurednews","13":"tag-headlines","14":"tag-italia","15":"tag-latest-news","16":"tag-latestnews","17":"tag-main-news","18":"tag-mainnews","19":"tag-mundo","20":"tag-news","21":"tag-noticias","22":"tag-noticias-principais","23":"tag-noticiasprincipais","24":"tag-principais-noticias","25":"tag-principaisnoticias","26":"tag-top-stories","27":"tag-topstories","28":"tag-ultimas","29":"tag-ultimas-noticias","30":"tag-ultimasnoticias","31":"tag-world","32":"tag-world-news","33":"tag-worldnews"},"share_on_mastodon":{"url":"https:\/\/pubeurope.com\/@pt\/115612106832137123","error":""},"_links":{"self":[{"href":"https:\/\/www.europesays.com\/pt\/wp-json\/wp\/v2\/posts\/165110","targetHints":{"allow":["GET"]}}],"collection":[{"href":"https:\/\/www.europesays.com\/pt\/wp-json\/wp\/v2\/posts"}],"about":[{"href":"https:\/\/www.europesays.com\/pt\/wp-json\/wp\/v2\/types\/post"}],"author":[{"embeddable":true,"href":"https:\/\/www.europesays.com\/pt\/wp-json\/wp\/v2\/users\/2"}],"replies":[{"embeddable":true,"href":"https:\/\/www.europesays.com\/pt\/wp-json\/wp\/v2\/comments?post=165110"}],"version-history":[{"count":0,"href":"https:\/\/www.europesays.com\/pt\/wp-json\/wp\/v2\/posts\/165110\/revisions"}],"wp:featuredmedia":[{"embeddable":true,"href":"https:\/\/www.europesays.com\/pt\/wp-json\/wp\/v2\/media\/165111"}],"wp:attachment":[{"href":"https:\/\/www.europesays.com\/pt\/wp-json\/wp\/v2\/media?parent=165110"}],"wp:term":[{"taxonomy":"category","embeddable":true,"href":"https:\/\/www.europesays.com\/pt\/wp-json\/wp\/v2\/categories?post=165110"},{"taxonomy":"post_tag","embeddable":true,"href":"https:\/\/www.europesays.com\/pt\/wp-json\/wp\/v2\/tags?post=165110"}],"curies":[{"name":"wp","href":"https:\/\/api.w.org\/{rel}","templated":true}]}}