{"id":165114,"date":"2025-11-25T19:59:09","date_gmt":"2025-11-25T19:59:09","guid":{"rendered":"https:\/\/www.europesays.com\/pt\/165114\/"},"modified":"2025-11-25T19:59:09","modified_gmt":"2025-11-25T19:59:09","slug":"bolsonaro-vai-comecar-a-cumprir-pena-de-27-anos-e-tres-meses-de-prisao-brasil","status":"publish","type":"post","link":"https:\/\/www.europesays.com\/pt\/165114\/","title":{"rendered":"Bolsonaro vai come\u00e7ar a cumprir pena de 27 anos e tr\u00eas meses de pris\u00e3o | Brasil"},"content":{"rendered":"<p>Est\u00e1 aberto o caminho para que o ex-Presidente brasileiro Jair Bolsonaro comece a cumprir a pena de mais de 27 anos de pris\u00e3o a que foi <a href=\"https:\/\/www.publico.pt\/2025\/09\/11\/mundo\/noticia\/decisao-historica-supremo-condena-bolsonaro-golpe-estado-2146883\" target=\"_blank\" rel=\"nofollow noopener\">condenado<\/a> pelo Supremo Tribunal Federal (STF) em Setembro por v\u00e1rios crimes relacionados com a tentativa de golpe de Estado.<\/p>\n<p>A decis\u00e3o foi tomada esta ter\u00e7a-feira pelo juiz do STF Alexandre de Moraes na qual decreta o tr\u00e2nsito em julgado da condena\u00e7\u00e3o do ex-chefe de Estado, ou seja, considerando que a defesa esgotou os recursos da senten\u00e7a. Moraes ter\u00e1 ainda de definir os termos do cumprimento da pena de 27 anos e tr\u00eas meses de pris\u00e3o, embora para j\u00e1 o mais prov\u00e1vel \u00e9 que permane\u00e7a na sede da Pol\u00edcia Federal (PF) em Bras\u00edlia, para onde foi levado no fim-de-semana a t\u00edtulo preventivo.<\/p>\n<p>H\u00e1 v\u00e1rias hip\u00f3teses quanto \u00e0 forma de cumprimento da pena. Bolsonaro poder\u00e1 ser transferido para a pris\u00e3o da Papuda, em Bras\u00edlia, embora haja tamb\u00e9m a possibilidade de ser enviado para uma unidade militar. Por causa da idade avan\u00e7ada e dos v\u00e1rios problemas de sa\u00fade cr\u00f3nicos de que sofre, o ex-Presidente poder\u00e1 cumprir a maior parte da pena em casa ap\u00f3s um per\u00edodo numa penitenci\u00e1ria.<\/p>\n<p>        &#13;<\/p>\n<p>&#13;<br \/>\n                &#13;\n            <\/p>\n<p>&#13;<\/p>\n<p>A defesa de Bolsonaro deixou expirar o prazo para a apresenta\u00e7\u00e3o de embargos de declara\u00e7\u00e3o, um tipo de recurso que contesta aspectos t\u00e9cnicos de uma senten\u00e7a judicial, que terminava esta ter\u00e7a-feira, ap\u00f3s a Primeira Turma do STF ter <a href=\"https:\/\/www.publico.pt\/2025\/11\/08\/mundo\/noticia\/supremo-rejeita-recursos-bolsonaro-confirma-condenacao-golpe-estado-2153882\" target=\"_blank\" rel=\"nofollow noopener\">rejeitado<\/a> no in\u00edcio do m\u00eas o primeiro conjunto de recursos apresentados pelos seus advogados.<\/p>\n<p>Ainda havia a possibilidade de a defesa apresentar recursos que pusessem em causa o conte\u00fado da condena\u00e7\u00e3o, mas Moraes entendeu que h\u00e1 margem jur\u00eddica para n\u00e3o os aceitar, \u00e0 luz do entendimento em vigor no STF que determina que esses recursos s\u00f3 s\u00e3o pass\u00edveis de serem aceites quando haja mais do que um voto de vencido \u2013 no caso de Bolsonaro apenas o juiz Luiz Fux votou contra a condena\u00e7\u00e3o.<\/p>\n<p>Bolsonaro foi transferido de sua casa para a sede regional da Pol\u00edcia Federal em Bras\u00edlia durante o fim-de-semana por ordem do tribunal, que considerou haver <a href=\"https:\/\/www.publico.pt\/2025\/11\/22\/mundo\/noticia\/policia-prende-preventivamente-jair-bolsonaro-2155616\" target=\"_blank\" rel=\"nofollow noopener\">perigo de fuga<\/a> depois de o ex-Presidente ter tentado destruir a pulseira electr\u00f3nica. Desde Agosto que Bolsonaro estava em pris\u00e3o domicili\u00e1ria preventiva por desobedi\u00eancia.<\/p>\n<p>Na segunda-feira, o STF tinha <a href=\"https:\/\/www.publico.pt\/2025\/11\/24\/mundo\/noticia\/supremo-tribunal-federal-forma-maioria-mantem-prisao-preventiva-jair-bolsonaro-2155781\" target=\"_blank\" rel=\"nofollow noopener\">autorizado<\/a> o prolongamento da pris\u00e3o preventiva na sede da PF, considerando que Bolsonaro violou \u201cdolosa e conscientemente\u201d os termos da pris\u00e3o domicili\u00e1ria. Os advogados do ex-Presidente argumentaram que a tentativa de destrui\u00e7\u00e3o da pulseira electr\u00f3nica, com recurso a um ferro de soldar, se deveu a um quadro de \u201cconfus\u00e3o mental e alucina\u00e7\u00f5es\u201d.<\/p>\n<p>Num julgamento hist\u00f3rico em Setembro, o STF considerou que Bolsonaro foi o cabecilha de uma organiza\u00e7\u00e3o criminosa que envolveu v\u00e1rios ministros e comandantes militares que tinha como objectivo impedir a tomada de posse de Lula da Silva, em 2023. Bolsonaro foi condenado por seis crimes a 27 anos e tr\u00eas meses de pris\u00e3o, tornando-se no primeiro antigo Presidente brasileiro a ser alvo de uma condena\u00e7\u00e3o judicial por atentar contra o Estado de direito.<\/p>\n<p>Al\u00e9m de Bolsonaro, o tr\u00e2nsito em julgado foi fixado para as condena\u00e7\u00f5es do ex-director da Ag\u00eancia Brasileira de Informa\u00e7\u00f5es (Abin) Alexandre Ramagem, do ex-ministro da Justi\u00e7a Anderson Torres, do ex-ministro do Gabinete de Seguran\u00e7a Institucional Augusto Heleno, do ex-comandante da Marinha Almir Garnier, do ex-ministro da Defesa Paulo Nogueira e do ex-ministro da Casa Civil Walter Braga Netto.<\/p>\n","protected":false},"excerpt":{"rendered":"Est\u00e1 aberto o caminho para que o ex-Presidente brasileiro Jair Bolsonaro comece a cumprir a pena de mais&hellip;\n","protected":false},"author":2,"featured_media":165115,"comment_status":"","ping_status":"","sticky":false,"template":"","format":"standard","meta":{"footnotes":""},"categories":[8],"tags":[993,1126,726,27,28,353,15,16,14,1125,603,25,26,21,22,62,12,13,19,20,542,32,23,24,33,17,18,29,30,31],"class_list":{"0":"post-165114","1":"post","2":"type-post","3":"status-publish","4":"format-standard","5":"has-post-thumbnail","7":"category-principais-noticias","8":"tag-america","9":"tag-america-do-sul","10":"tag-brasil","11":"tag-breaking-news","12":"tag-breakingnews","13":"tag-em-destaque","14":"tag-featured-news","15":"tag-featurednews","16":"tag-headlines","17":"tag-jair-bolsonaro","18":"tag-justica","19":"tag-latest-news","20":"tag-latestnews","21":"tag-main-news","22":"tag-mainnews","23":"tag-mundo","24":"tag-news","25":"tag-noticias","26":"tag-noticias-principais","27":"tag-noticiasprincipais","28":"tag-para-redes","29":"tag-portugal","30":"tag-principais-noticias","31":"tag-principaisnoticias","32":"tag-pt","33":"tag-top-stories","34":"tag-topstories","35":"tag-ultimas","36":"tag-ultimas-noticias","37":"tag-ultimasnoticias"},"share_on_mastodon":{"url":"https:\/\/pubeurope.com\/@pt\/115612114342317646","error":""},"_links":{"self":[{"href":"https:\/\/www.europesays.com\/pt\/wp-json\/wp\/v2\/posts\/165114","targetHints":{"allow":["GET"]}}],"collection":[{"href":"https:\/\/www.europesays.com\/pt\/wp-json\/wp\/v2\/posts"}],"about":[{"href":"https:\/\/www.europesays.com\/pt\/wp-json\/wp\/v2\/types\/post"}],"author":[{"embeddable":true,"href":"https:\/\/www.europesays.com\/pt\/wp-json\/wp\/v2\/users\/2"}],"replies":[{"embeddable":true,"href":"https:\/\/www.europesays.com\/pt\/wp-json\/wp\/v2\/comments?post=165114"}],"version-history":[{"count":0,"href":"https:\/\/www.europesays.com\/pt\/wp-json\/wp\/v2\/posts\/165114\/revisions"}],"wp:featuredmedia":[{"embeddable":true,"href":"https:\/\/www.europesays.com\/pt\/wp-json\/wp\/v2\/media\/165115"}],"wp:attachment":[{"href":"https:\/\/www.europesays.com\/pt\/wp-json\/wp\/v2\/media?parent=165114"}],"wp:term":[{"taxonomy":"category","embeddable":true,"href":"https:\/\/www.europesays.com\/pt\/wp-json\/wp\/v2\/categories?post=165114"},{"taxonomy":"post_tag","embeddable":true,"href":"https:\/\/www.europesays.com\/pt\/wp-json\/wp\/v2\/tags?post=165114"}],"curies":[{"name":"wp","href":"https:\/\/api.w.org\/{rel}","templated":true}]}}