{"id":165116,"date":"2025-11-25T20:00:11","date_gmt":"2025-11-25T20:00:11","guid":{"rendered":"https:\/\/www.europesays.com\/pt\/165116\/"},"modified":"2025-11-25T20:00:11","modified_gmt":"2025-11-25T20:00:11","slug":"adriane-galisteu-responde-apos-ter-corpo-detonado-na-web-nao-tem-peito","status":"publish","type":"post","link":"https:\/\/www.europesays.com\/pt\/165116\/","title":{"rendered":"Adriane Galisteu responde ap\u00f3s ter corpo detonado na web: &#8216;N\u00e3o tem peito&#8217;"},"content":{"rendered":"<p>\n                        A apresentadora de A Fazenda 17 comentou que o &#8220;preconceito&#8221; sempre permeou sua vida\n                    <\/p>\n<ul class=\"article__header__author\">\n<li class=\"article__header__author__item\">\n                                                Por:<br \/>\n                                                                                    Igor Martim Concei\u00e7\u00e3o de Jesus \/ Mais Novela\n                                                                        <\/li>\n<\/ul>\n<p class=\"text\"><strong>Adriane Galisteu<\/strong>, apresentadora de A Fazenda 17, contou que, atualmente, n\u00e3o costuma mais se importar com as cr\u00edticas pesadas que recebe do corpo na web, aos 52 anos.<\/p>\n<p><img loading=\"lazy\" decoding=\"async\" alt=\"Reprodu\u00e7\u00e3o\/Record\" class=\"img-2fb2c43e8d34685272851bd2d19cab23ou5htahd\" height=\"435\" src=\"https:\/\/www.europesays.com\/pt\/wp-content\/uploads\/2025\/11\/1028109144-infiltrados-de-a-fazenda-17-2.jpg\"  title=\"Reprodu\u00e7\u00e3o\/Record\" width=\"774\"\/><\/p>\n<p>Reprodu\u00e7\u00e3o\/Record<\/p>\n<p>Foto: Mais Novela<\/p>\n<p class=\"text\">&#8220;Sou uma mulher que tem um pacto de ficar de bem com o meu corpo. Enquanto as pessoas est\u00e3o criticando, &#8216;magra de mais&#8217;, &#8216;n\u00e3o tem peito&#8217;, &#8216;n\u00e3o tem bunda&#8217;, eu estou superfeliz com o meu corpo e com o que eu olho no espelho&#8221;, disse em entrevista \u00e0 Quem.<\/p>\n<p class=\"text\">Por\u00e9m, ela confirma que essa \u00e9 uma realidade recente. &#8220;Isso \u00e9 uma conquista. Essa autoestima a gente trabalha sempre. N\u00e3o significa que ela esteja sempre superbem trabalhada&#8221;, confessou.<\/p>\n<p class=\"text\"><strong>Adriane Galisteu<\/strong> tamb\u00e9m comentou sobre o preconceito que sofreu durante anos na carreira profissional, at\u00e9 se estabelecer como apresentadora. &#8220;O preconceito sempre me acompanhou. Quando comecei no teatro, levei todas as cr\u00edticas imagin\u00e1veis antes mesmo da estreia da pe\u00e7a. Isso foi surpreendente&#8221;, comentou.<\/p>\n","protected":false},"excerpt":{"rendered":"A apresentadora de A Fazenda 17 comentou que o &#8220;preconceito&#8221; sempre permeou sua vida Por: Igor Martim Concei\u00e7\u00e3o&hellip;\n","protected":false},"author":2,"featured_media":165117,"comment_status":"","ping_status":"","sticky":false,"template":"","format":"standard","meta":{"footnotes":""},"categories":[145],"tags":[211,210,114,115,32,33],"class_list":{"0":"post-165116","1":"post","2":"type-post","3":"status-publish","4":"format-standard","5":"has-post-thumbnail","7":"category-celebridades","8":"tag-celebridades","9":"tag-celebrities","10":"tag-entertainment","11":"tag-entretenimento","12":"tag-portugal","13":"tag-pt"},"share_on_mastodon":{"url":"https:\/\/pubeurope.com\/@pt\/115612118297651324","error":""},"_links":{"self":[{"href":"https:\/\/www.europesays.com\/pt\/wp-json\/wp\/v2\/posts\/165116","targetHints":{"allow":["GET"]}}],"collection":[{"href":"https:\/\/www.europesays.com\/pt\/wp-json\/wp\/v2\/posts"}],"about":[{"href":"https:\/\/www.europesays.com\/pt\/wp-json\/wp\/v2\/types\/post"}],"author":[{"embeddable":true,"href":"https:\/\/www.europesays.com\/pt\/wp-json\/wp\/v2\/users\/2"}],"replies":[{"embeddable":true,"href":"https:\/\/www.europesays.com\/pt\/wp-json\/wp\/v2\/comments?post=165116"}],"version-history":[{"count":0,"href":"https:\/\/www.europesays.com\/pt\/wp-json\/wp\/v2\/posts\/165116\/revisions"}],"wp:featuredmedia":[{"embeddable":true,"href":"https:\/\/www.europesays.com\/pt\/wp-json\/wp\/v2\/media\/165117"}],"wp:attachment":[{"href":"https:\/\/www.europesays.com\/pt\/wp-json\/wp\/v2\/media?parent=165116"}],"wp:term":[{"taxonomy":"category","embeddable":true,"href":"https:\/\/www.europesays.com\/pt\/wp-json\/wp\/v2\/categories?post=165116"},{"taxonomy":"post_tag","embeddable":true,"href":"https:\/\/www.europesays.com\/pt\/wp-json\/wp\/v2\/tags?post=165116"}],"curies":[{"name":"wp","href":"https:\/\/api.w.org\/{rel}","templated":true}]}}