{"id":165118,"date":"2025-11-25T20:03:16","date_gmt":"2025-11-25T20:03:16","guid":{"rendered":"https:\/\/www.europesays.com\/pt\/165118\/"},"modified":"2025-11-25T20:03:16","modified_gmt":"2025-11-25T20:03:16","slug":"vem-ai-em-a-protegida-mariana-coloca-hector-no-devido-lugar-novelas","status":"publish","type":"post","link":"https:\/\/www.europesays.com\/pt\/165118\/","title":{"rendered":"Vem a\u00ed em \u00abA Protegida\u00bb: Mariana coloca Hector no devido lugar &#8211; Novelas"},"content":{"rendered":"<p>Em \u00abA Protegida\u00bb, <a href=\"https:\/\/tvi.iol.pt\/novelas\/ator\/mariana-vilalobos\/67ac80ecd34ef72ee44224fe\" wbo-id=\"51\" rel=\"nofollow noopener\" target=\"_blank\">Mariana (Matilde Reym\u00e3o)<\/a>\u00a0diz que vai trabalhar e <a href=\"https:\/\/tvi.iol.pt\/novelas\/fotos\/a-protegida-hector-seduz-mariana-com-dia-romantico\/67d7f8f2d34e3f0bae9bb7f9\" rel=\"nofollow noopener\" target=\"_blank\">Hector (Christian Escuredo)<\/a>\u00a0nota o tom r\u00edspido dela. Mariana lembra que nunca lhe prometeu nada e n\u00e3o gostou da tentativa de aproxima\u00e7\u00e3o dele. Hector pede desculpa, mas custa-lhe v\u00ea-la a sofrer por uma pessoa que a abandonou. Hector v\u00ea Carlota a brincar com a fotografia dos pais e fica cheio de raiva ao ver a cara de <a href=\"https:\/\/tvi.iol.pt\/novelas\/ator\/jose-diogo\/67ac875bd34ef72ee4422589\" wbo-id=\"52\" rel=\"nofollow noopener\" target=\"_blank\">Jos\u00e9 Diogo (Pedro Sousa)<\/a>.<\/p>\n<p>Hector est\u00e1 furioso por Mariana ainda n\u00e3o ter esquecido JD. Rasga a foto deles e atira-a para o caixote do lixo. <a href=\"https:\/\/tvi.iol.pt\/novelas\/search?pagina=1&amp;pesquisa=alexandra+lencastre\" rel=\"nofollow noopener\" target=\"_blank\">Laura (Alexandra Lencastre)<\/a>\u00a0aparece e pergunta se est\u00e1 tudo bem. Hector disfar\u00e7a e diz que sim. Laura v\u00ea a foto rasgada no caixote e percebe que Hector ainda n\u00e3o ultrapassou.<\/p>\n","protected":false},"excerpt":{"rendered":"Em \u00abA Protegida\u00bb, Mariana (Matilde Reym\u00e3o)\u00a0diz que vai trabalhar e Hector (Christian Escuredo)\u00a0nota o tom r\u00edspido dela. Mariana&hellip;\n","protected":false},"author":2,"featured_media":165119,"comment_status":"","ping_status":"","sticky":false,"template":"","format":"standard","meta":{"footnotes":""},"categories":[142],"tags":[160,1085,166,114,115,157,167,164,881,161,158,165,159,32,33,156,163,151,162],"class_list":{"0":"post-165118","1":"post","2":"type-post","3":"status-publish","4":"format-standard","5":"has-post-thumbnail","7":"category-tv","8":"tag-ana-guiomar","9":"tag-christian-escuredo","10":"tag-cristina-ferreira","11":"tag-entertainment","12":"tag-entretenimento","13":"tag-festa-e-festa","14":"tag-ficcao","15":"tag-jose-fidalgo","16":"tag-matilde-reymao","17":"tag-novelas","18":"tag-para-sempre","19":"tag-pedro-sousa","20":"tag-pedro-teixeira","21":"tag-portugal","22":"tag-pt","23":"tag-queridos-papas","24":"tag-tiago-teotonio-pereira","25":"tag-tv","26":"tag-tvi"},"share_on_mastodon":{"url":"https:\/\/pubeurope.com\/@pt\/115612129905067183","error":""},"_links":{"self":[{"href":"https:\/\/www.europesays.com\/pt\/wp-json\/wp\/v2\/posts\/165118","targetHints":{"allow":["GET"]}}],"collection":[{"href":"https:\/\/www.europesays.com\/pt\/wp-json\/wp\/v2\/posts"}],"about":[{"href":"https:\/\/www.europesays.com\/pt\/wp-json\/wp\/v2\/types\/post"}],"author":[{"embeddable":true,"href":"https:\/\/www.europesays.com\/pt\/wp-json\/wp\/v2\/users\/2"}],"replies":[{"embeddable":true,"href":"https:\/\/www.europesays.com\/pt\/wp-json\/wp\/v2\/comments?post=165118"}],"version-history":[{"count":0,"href":"https:\/\/www.europesays.com\/pt\/wp-json\/wp\/v2\/posts\/165118\/revisions"}],"wp:featuredmedia":[{"embeddable":true,"href":"https:\/\/www.europesays.com\/pt\/wp-json\/wp\/v2\/media\/165119"}],"wp:attachment":[{"href":"https:\/\/www.europesays.com\/pt\/wp-json\/wp\/v2\/media?parent=165118"}],"wp:term":[{"taxonomy":"category","embeddable":true,"href":"https:\/\/www.europesays.com\/pt\/wp-json\/wp\/v2\/categories?post=165118"},{"taxonomy":"post_tag","embeddable":true,"href":"https:\/\/www.europesays.com\/pt\/wp-json\/wp\/v2\/tags?post=165118"}],"curies":[{"name":"wp","href":"https:\/\/api.w.org\/{rel}","templated":true}]}}