{"id":165122,"date":"2025-11-25T20:11:18","date_gmt":"2025-11-25T20:11:18","guid":{"rendered":"https:\/\/www.europesays.com\/pt\/165122\/"},"modified":"2025-11-25T20:11:18","modified_gmt":"2025-11-25T20:11:18","slug":"quatro-novos-suspeitos-detidos-no-ambito-da-investigacao-sobre-o-assalto-no-louvre-patrimonio","status":"publish","type":"post","link":"https:\/\/www.europesays.com\/pt\/165122\/","title":{"rendered":"Quatro novos suspeitos detidos no \u00e2mbito da investiga\u00e7\u00e3o sobre o assalto no Louvre | Patrim\u00f3nio"},"content":{"rendered":"<p>A pol\u00edcia francesa deteve esta ter\u00e7a-feira mais quatro pessoas no \u00e2mbito da investiga\u00e7\u00e3o em torno do medi\u00e1tico roubo de j\u00f3ias no Louvre, ocorrido no m\u00eas passado, informou a Procuradoria de Paris em comunicado. Uma delas, um homem, era o \u00faltimo suspeito procurado pela pol\u00edcia que ter\u00e1 estado de facto no local dos acontecimentos.<\/p>\n<p>Os suspeitos agora detidos s\u00e3o dois homens de 38 e 39 anos e duas mulheres de 31 e 40 anos, refere a mesma nota. De acordo com os di\u00e1rios franceses <a href=\"https:\/\/www.lefigaro.fr\/faits-divers\/cambriolage-au-louvre-le-quatrieme-suspect-interpelle-20251125\" target=\"_blank\" rel=\"nofollow noopener\">Le Figaro<\/a> e Le Parisien, o quarto suspeito de ter estado presencialmente na cena do crime foi detido esta manh\u00e3 em Laval, cidade a cerca de 300 quil\u00f3metros de Paris. <\/p>\n<p>Est\u00e1 detido na sede da Pol\u00edcia Judici\u00e1ria de Paris e \u00e9 acusado de &#8220;roubo organizado&#8221; e &#8220;associa\u00e7\u00e3o criminosa&#8221;, dizem os jornais franceses. \u00c9 natural do sub\u00farbio parisiense de Aubervilliers, de onde s\u00e3o igualmente origin\u00e1rios outros suspeitos detidos anteriormente.<\/p>\n<p>        &#13;<\/p>\n<p>&#13;<br \/>\n                &#13;\n            <\/p>\n<p>&#13;<\/p>\n<p>Esses outros quatro suspeitos detidos h\u00e1 cerca de um m\u00eas est\u00e3o formalmente sob investiga\u00e7\u00e3o, recordou a Procuradoria de Paris em comunicado esta ter\u00e7a-feira. A procuradora, Laure Beccuau, <a href=\"https:\/\/www.publico.pt\/2025\/10\/29\/culturaipsilon\/noticia\/joias-louvre-desaparecidas-dois-suspeitos-admitem-estar-implicados-2152598\" rel=\"nofollow noopener\" target=\"_blank\">detalhou<\/a> a 29 de Outubro que dois deles admitiram estar implicados no <a href=\"https:\/\/www.publico.pt\/2025\/10\/19\/culturaipsilon\/noticia\/museu-louvre-encerrado-apos-roubo-joias-napoleao-2151375\" rel=\"nofollow noopener\" target=\"_blank\">roubo das j\u00f3ias da coroa francesa<\/a>. S\u00e3o dois homens na casa dos 30 anos, ambos com cadastro criminal, e origin\u00e1rios do sub\u00farbio parisiense de Seine-Saint-Denis. Um deles \u00e9 um cidad\u00e3o argelino de 34 anos sem profiss\u00e3o conhecida. O outro homem, de 39 anos, j\u00e1 exerceu a profiss\u00e3o de taxista, embora ilegalmente, e era estafeta, tendo antecedentes criminais. Um deles tinha um perfil relativamente activo nas redes sociais, com v\u00eddeos de acrobacias em motorizada no YouTube e no TikTok.<\/p>\n<p>Vem sendo comum que estes casos de roubos de j\u00f3ias e antiguidades sejam cometidos por pessoas com &#8220;perfis pouco conhecidos no mundo do <a href=\"https:\/\/www.publico.pt\/2025\/11\/02\/culturaipsilon\/noticia\/procuradora-paris-descarta-cenario-crime-organizado-assalto-louvre-2153094?ref=museu-do-louvre&amp;cx=page__content\" rel=\"nofollow noopener\" target=\"_blank\">crime organizado<\/a>, mas que ascendem rapidamente a crimes extremamente graves\u201d, explicou a procuradora Laure Beccuau, no final de Outubro, \u00e0 esta\u00e7\u00e3o France Info.<\/p>\n<p>A circunst\u00e2ncia de este roubo em que quatro ladr\u00f5es levaram j\u00f3ias avaliadas em 88 milh\u00f5es de euros ter sucedido \u00e0 luz do dia, numa manh\u00e3 de domingo, com o Louvre em pleno funcionamento, levantou <a href=\"https:\/\/www.publico.pt\/2025\/10\/20\/culturaipsilon\/noticia\/louvre-melhor-museu-mundo-piores-falhas-seguranca-2151448\" rel=\"nofollow noopener\" target=\"_blank\">d\u00favidas sobre a seguran\u00e7a<\/a> do museu mais visitado do mundo, guardi\u00e3o de in\u00fameras obras de grande valor patrimonial.<\/p>\n<p>At\u00e9 ao momento, n\u00e3o foi encontrado qualquer vest\u00edgio das <a href=\"https:\/\/www.publico.pt\/2025\/10\/27\/culturaipsilon\/noticia\/queriam-pedras-valor-ladroes-louvre-escolhido-melhor-2152265\" rel=\"nofollow noopener\" target=\"_blank\">j\u00f3ias roubadas<\/a>. As <a href=\"https:\/\/www.publico.pt\/2025\/10\/20\/culturaipsilon\/noticia\/napoleao-reagan-expo-historia-riqueza-oito-joias-roubadas-louvre-2151473\" rel=\"nofollow noopener\" target=\"_blank\">oito pe\u00e7as<\/a> pertencem \u00e0 colec\u00e7\u00e3o de j\u00f3ias da coroa, mais precisamente do per\u00edodo imperial franc\u00eas, e incluem tiaras, diademas, brincos e pregadeiras.<\/p>\n<p>Ap\u00f3s o roubo, um relat\u00f3rio do Tribunal de Contas avaliando a actua\u00e7\u00e3o da institui\u00e7\u00e3o no per\u00edodo compreendido entre 2018 e 2024 <a href=\"https:\/\/www.publico.pt\/2025\/11\/06\/culturaipsilon\/noticia\/relatorio-arrasa-seguranca-sede-mediatismo-louvre-roubado-influencer-2153594\" rel=\"nofollow noopener\" target=\"_blank\">criticou as op\u00e7\u00f5es do museu<\/a> no que toca ao investimento em seguran\u00e7a. Em resposta, <a href=\"https:\/\/www.publico.pt\/2025\/11\/09\/culturaipsilon\/noticia\/louvre-vai-aplicar-medidas-emergencia-reforco-meios-humanos-2153958?ref=museu-do-louvre&amp;cx=page__content\" rel=\"nofollow noopener\" target=\"_blank\">a direc\u00e7\u00e3o do Louvre<\/a> prometeu novos cargos especialmente dedicados a essa \u00e1rea e mais coordena\u00e7\u00e3o na vigil\u00e2ncia do museu, sem se comprometer com o refor\u00e7o de recursos humanos.<\/p>\n","protected":false},"excerpt":{"rendered":"A pol\u00edcia francesa deteve esta ter\u00e7a-feira mais quatro pessoas no \u00e2mbito da investiga\u00e7\u00e3o em torno do medi\u00e1tico roubo&hellip;\n","protected":false},"author":2,"featured_media":165123,"comment_status":"","ping_status":"","sticky":false,"template":"","format":"standard","meta":{"footnotes":""},"categories":[50],"tags":[27,28,315,1413,15,16,14,1757,3300,25,26,21,22,62,12926,12,13,19,20,542,419,23,24,17,18,29,30,31,63,64,65],"class_list":{"0":"post-165122","1":"post","2":"type-post","3":"status-publish","4":"format-standard","5":"has-post-thumbnail","7":"category-mundo","8":"tag-breaking-news","9":"tag-breakingnews","10":"tag-cultura","11":"tag-cultura-ipsilon","12":"tag-featured-news","13":"tag-featurednews","14":"tag-headlines","15":"tag-ipsilon","16":"tag-joias","17":"tag-latest-news","18":"tag-latestnews","19":"tag-main-news","20":"tag-mainnews","21":"tag-mundo","22":"tag-museu-do-louvre","23":"tag-news","24":"tag-noticias","25":"tag-noticias-principais","26":"tag-noticiasprincipais","27":"tag-para-redes","28":"tag-patrimonio","29":"tag-principais-noticias","30":"tag-principaisnoticias","31":"tag-top-stories","32":"tag-topstories","33":"tag-ultimas","34":"tag-ultimas-noticias","35":"tag-ultimasnoticias","36":"tag-world","37":"tag-world-news","38":"tag-worldnews"},"share_on_mastodon":{"url":"","error":"Validation failed: Text character limit of 500 exceeded"},"_links":{"self":[{"href":"https:\/\/www.europesays.com\/pt\/wp-json\/wp\/v2\/posts\/165122","targetHints":{"allow":["GET"]}}],"collection":[{"href":"https:\/\/www.europesays.com\/pt\/wp-json\/wp\/v2\/posts"}],"about":[{"href":"https:\/\/www.europesays.com\/pt\/wp-json\/wp\/v2\/types\/post"}],"author":[{"embeddable":true,"href":"https:\/\/www.europesays.com\/pt\/wp-json\/wp\/v2\/users\/2"}],"replies":[{"embeddable":true,"href":"https:\/\/www.europesays.com\/pt\/wp-json\/wp\/v2\/comments?post=165122"}],"version-history":[{"count":0,"href":"https:\/\/www.europesays.com\/pt\/wp-json\/wp\/v2\/posts\/165122\/revisions"}],"wp:featuredmedia":[{"embeddable":true,"href":"https:\/\/www.europesays.com\/pt\/wp-json\/wp\/v2\/media\/165123"}],"wp:attachment":[{"href":"https:\/\/www.europesays.com\/pt\/wp-json\/wp\/v2\/media?parent=165122"}],"wp:term":[{"taxonomy":"category","embeddable":true,"href":"https:\/\/www.europesays.com\/pt\/wp-json\/wp\/v2\/categories?post=165122"},{"taxonomy":"post_tag","embeddable":true,"href":"https:\/\/www.europesays.com\/pt\/wp-json\/wp\/v2\/tags?post=165122"}],"curies":[{"name":"wp","href":"https:\/\/api.w.org\/{rel}","templated":true}]}}