{"id":165130,"date":"2025-11-25T20:17:11","date_gmt":"2025-11-25T20:17:11","guid":{"rendered":"https:\/\/www.europesays.com\/pt\/165130\/"},"modified":"2025-11-25T20:17:11","modified_gmt":"2025-11-25T20:17:11","slug":"barbara-parada-radiante-com-a-chegada-de-bebe-ansiosa-por-te-conhecer-secret-story","status":"publish","type":"post","link":"https:\/\/www.europesays.com\/pt\/165130\/","title":{"rendered":"B\u00e1rbara Parada radiante com a chegada de beb\u00e9: \u00abAnsiosa por te conhecer\u00bb &#8211; Secret Story"},"content":{"rendered":"<p data-end=\"772\" data-start=\"377\">H\u00e1 amizades que resistem ao tempo, \u00e0s rotinas, \u00e0s dist\u00e2ncias e at\u00e9 ao fim de um reality show. Foi assim com <a href=\"https:\/\/tvi.iol.pt\/secretstory\/fotos\/barbara-parada-da-alcunha-peculiar-a-francisco-monteiro-a-partilha-que-incendiou-a-internet\/69175896d34e3caad84b4cfc\" rel=\"nofollow noopener\" target=\"_blank\"><strong data-end=\"503\" data-start=\"485\">B\u00e1rbara Parada<\/strong> <\/a>e <a href=\"https:\/\/tvi.iol.pt\/secretstory\/ruben-boa-nova\/25-10-2025\/surpreendente-nao-vai-acreditar-quando-vir-como-ruben-boa-nova-foi-buscar-o-filho-a-escola\" rel=\"nofollow noopener\" target=\"_blank\"><strong data-end=\"526\" data-start=\"506\">Tatiana Boa Nova<\/strong><\/a>, que se conheceram no\u00a0<strong data-end=\"571\" data-start=\"549\">Big Brother 2022\u00a0<\/strong>e que rapidamente criaram uma liga\u00e7\u00e3o que ultrapassou as din\u00e2micas da casa mais vigiada do pa\u00eds. Hoje, continuam unidas \u2014 e isso volta a ficar \u00e0 vista numa nova partilha que tem encantado os seguidores.<\/p>\n<p data-end=\"1093\" data-start=\"774\">Na segunda-feira, dia 24, <strong data-end=\"818\" data-start=\"800\">B\u00e1rbara Parada<\/strong> recorreu ao instagram para partilhar <strong>uma fotografia especial ao lado de Tatiana Boa Nova, que vive uma fase particularmente feliz da vida: est\u00e1 prestes a ser m\u00e3e pela segunda vez.<\/strong> Na imagem, v\u00eaem-se c\u00famplices e sorridentes, num registo que transparece carinho e proximidade.<\/p>\n<p data-end=\"1302\" data-start=\"1095\">A jovem deixou ainda uma mensagem terna dedicada ao beb\u00e9 que est\u00e1 quase a chegar: \u00ab<strong data-end=\"1229\" data-start=\"1179\">Ansiosa por te conhecer, Rodrigo. Est\u00e1 quase\u00bb<\/strong>, escreveu B\u00e1rbara Parada, revelando o entusiasmo pela chegada do menino.<\/p>\n<p data-end=\"1557\" data-start=\"1304\">Mas a amizade n\u00e3o ficou por a\u00ed. A namorada de <a href=\"https:\/\/tvi.iol.pt\/secretstory\/fotos\/barbara-parada-da-alcunha-peculiar-a-francisco-monteiro-a-partilha-que-incendiou-a-internet\/69175896d34e3caad84b4cfc\" rel=\"nofollow noopener\" target=\"_blank\"><strong data-end=\"1372\" data-start=\"1350\">Francisco Monteiro<\/strong><\/a> aproveitou para elogiar Tatiana Boa Nova, real\u00e7ando a beleza da amiga nesta etapa t\u00e3o especial: \u00ab<strong data-end=\"1495\" data-start=\"1471\">Gr\u00e1vida mais linda\u00bb<\/strong>, declarou, recebendo de imediato uma onda de rea\u00e7\u00f5es dos f\u00e3s.<\/p>\n<p data-end=\"1736\" data-start=\"1559\">A partilha refor\u00e7a a liga\u00e7\u00e3o s\u00f3lida que as duas mant\u00eam desde que sa\u00edram do \u201cBig Brother\u201d, mostrando que, para l\u00e1 do jogo, ficaram mem\u00f3rias\u2026 e uma amizade que continua a crescer.<\/p>\n<p style=\"margin-bottom:11px\"><img loading=\"lazy\" decoding=\"async\" alt=\"\" height=\"272\" src=\"https:\/\/www.europesays.com\/pt\/wp-content\/uploads\/2025\/11\/1764101831_144_1024.jpeg\" width=\"156\"\/><\/p>\n<p style=\"margin-bottom:11px\">Fonte: Instagram<\/p>\n<p>\u00a0<br \/>\nRecentemente&#8230; <\/p>\n<p style=\"margin-bottom:11px\">Depois de ter apresentado aos seguidores <strong>o novo amigo de quatro patas que adotou recentemente<\/strong>, <a href=\"https:\/\/tvi.iol.pt\/secretstory\/search?pagina=1&amp;pesquisa=barbara+parada\" rel=\"nofollow noopener\" target=\"_blank\">B\u00e1rbara Parada<\/a><strong> voltou a destacar-se nas redes sociais com uma publica\u00e7\u00e3o que n\u00e3o passou despercebida<\/strong>. No dia 12 de novembro, a ex-concorrente partilhou no Instagram um novo carrossel de imagens que re\u00fane v\u00e1rios registos captados ao longo do m\u00eas de outubro, entre eles,<strong> fotografias ao lado de Francisco Monteiro<\/strong>.<\/p>\n<p>Numa das imagens, <strong>B\u00e1rbara surge com o namorado e recorre a uma descri\u00e7\u00e3o invulgar para se referir a Francisco Monteiro<\/strong>. A publica\u00e7\u00e3o feita por B\u00e1rbara Parada, menciona um gato,<a href=\"https:\/\/tvi.iol.pt\/secretstory\/barbara-parada\/novidade\/vai-ser-muito-amado-barbara-parada-anuncia-novidade-sobre-a-familia-que-esta-a-deixar-os-fas-em-extase\" rel=\"nofollow noopener\" target=\"_blank\"> mas desta vez n\u00e3o se referiu \u00e0 ado\u00e7\u00e3o de um animal<\/a>, mas sim uma nova alcunha para o namorado: \u00abEu e o meu gato\u00bb.<\/p>\n<p>\u00a0Os f\u00e3s <strong>encheram a caixa de coment\u00e1rios com elogios \u00e0 jovem<\/strong> e a esta sua nova fase.\u00a0<\/p>\n<p>Veja aqui a publica\u00e7\u00e3o:<\/p>\n<blockquote class=\"instagram-media\" data-instgrm-captioned=\"\" data-instgrm-permalink=\"https:\/\/www.instagram.com\/p\/DQ7p40vjMhU\/?utm_source=ig_embed&amp;utm_campaign=loading\" data-instgrm-version=\"14\" style=\" background:#FFF; border:0; border-radius:3px; box-shadow:0 0 1px 0 rgba(0,0,0,0.5),0 1px 10px 0 rgba(0,0,0,0.15); margin: 1px; max-width:540px; min-width:326px; padding:0; width:99.375%; width:-webkit-calc(100% - 2px); width:calc(100% - 2px);\">\n<\/blockquote>\n<p>                        <script async src=\"\/\/www.instagram.com\/embed.js\"><\/script><\/p>\n","protected":false},"excerpt":{"rendered":"H\u00e1 amizades que resistem ao tempo, \u00e0s rotinas, \u00e0s dist\u00e2ncias e at\u00e9 ao fim de um reality show.&hellip;\n","protected":false},"author":2,"featured_media":152730,"comment_status":"","ping_status":"","sticky":false,"template":"","format":"standard","meta":{"footnotes":""},"categories":[142],"tags":[2151,18706,114,115,18705,2071,32,33,151,18704,12181],"class_list":{"0":"post-165130","1":"post","2":"type-post","3":"status-publish","4":"format-standard","5":"has-post-thumbnail","7":"category-tv","8":"tag-barbara-parada","9":"tag-bastidores-secret-story","10":"tag-entertainment","11":"tag-entretenimento","12":"tag-entrevistas-concorrentes-tvi","13":"tag-francisco-monteiro","14":"tag-portugal","15":"tag-pt","16":"tag-tv","17":"tag-vida-fora-da-casa","18":"tag-zaza"},"share_on_mastodon":{"url":"https:\/\/pubeurope.com\/@pt\/115612185174407029","error":""},"_links":{"self":[{"href":"https:\/\/www.europesays.com\/pt\/wp-json\/wp\/v2\/posts\/165130","targetHints":{"allow":["GET"]}}],"collection":[{"href":"https:\/\/www.europesays.com\/pt\/wp-json\/wp\/v2\/posts"}],"about":[{"href":"https:\/\/www.europesays.com\/pt\/wp-json\/wp\/v2\/types\/post"}],"author":[{"embeddable":true,"href":"https:\/\/www.europesays.com\/pt\/wp-json\/wp\/v2\/users\/2"}],"replies":[{"embeddable":true,"href":"https:\/\/www.europesays.com\/pt\/wp-json\/wp\/v2\/comments?post=165130"}],"version-history":[{"count":0,"href":"https:\/\/www.europesays.com\/pt\/wp-json\/wp\/v2\/posts\/165130\/revisions"}],"wp:featuredmedia":[{"embeddable":true,"href":"https:\/\/www.europesays.com\/pt\/wp-json\/wp\/v2\/media\/152730"}],"wp:attachment":[{"href":"https:\/\/www.europesays.com\/pt\/wp-json\/wp\/v2\/media?parent=165130"}],"wp:term":[{"taxonomy":"category","embeddable":true,"href":"https:\/\/www.europesays.com\/pt\/wp-json\/wp\/v2\/categories?post=165130"},{"taxonomy":"post_tag","embeddable":true,"href":"https:\/\/www.europesays.com\/pt\/wp-json\/wp\/v2\/tags?post=165130"}],"curies":[{"name":"wp","href":"https:\/\/api.w.org\/{rel}","templated":true}]}}