{"id":165144,"date":"2025-11-25T20:31:11","date_gmt":"2025-11-25T20:31:11","guid":{"rendered":"https:\/\/www.europesays.com\/pt\/165144\/"},"modified":"2025-11-25T20:31:11","modified_gmt":"2025-11-25T20:31:11","slug":"silencio-quebrado-as-confissoes-ineditas-de-alice-alves-sobre-a-separacao-tentamos-tudo-secret-story","status":"publish","type":"post","link":"https:\/\/www.europesays.com\/pt\/165144\/","title":{"rendered":"Sil\u00eancio quebrado! As confiss\u00f5es in\u00e9ditas de Alice Alves sobre a separa\u00e7\u00e3o: \u00abTent\u00e1mos tudo\u00bb &#8211; Secret Story"},"content":{"rendered":"<p style=\"margin-bottom:11px\">Alice Alves anunciou recentemente a separa\u00e7\u00e3o do chef Carlos Afonso e esta ter\u00e7a-feira esteve no programa &#8216;Dois \u00e0s 10&#8217; da TVI, onde quebrou o sil\u00eancio sobre esta nova fase da sua vida, com revela\u00e7\u00f5es in\u00e9ditas sobre os motivos do fim.\u00a0<\/p>\n<p style=\"margin-bottom:11px\">\u00abA pessoa vai percebendo que h\u00e1 um afastamento, h\u00e1 diverg\u00eancias, formas diferentes de estar e de pensar e foi uma decis\u00e3o m\u00fatua. Cheg\u00e1mos \u00e0 conclus\u00e3o de que a amizade est\u00e1 l\u00e1 e continua l\u00e1, continuamos a falar imenso. Estamos a fazer o que sabemos que \u00e9 melhor para todos\u00bb, contou.<\/p>\n<p style=\"margin-bottom:11px\">A apresentadora acrescentou: \u00abNo nosso caso n\u00e3o (h\u00e1 arrependimento) porque n\u00f3s tent\u00e1mos tudo, isto j\u00e1 foi no in\u00edcio do ano e mesmo antes disso j\u00e1 t\u00ednhamos tentado uma data de coisas que ach\u00e1vamos que fazia sentido tentar e experimentar e cheg\u00e1mos \u00e0 conclus\u00e3o de que n\u00e3o\u00bb.\u00a0<\/p>\n<p style=\"margin-bottom:11px\">\u00abEnt\u00e3o pronto vamos continuar a ser felizes de outra forma, mas amigos sempre (&#8230;) A amizade continua, n\u00e3o houve uma rutura, n\u00e3o houve ningu\u00e9m que estivesse mal, nem eu com ele, nem ele comigo, simplesmente percebemos que temos vis\u00f5es diferentes, objetivos diferentes e caminhos diferentes\u00bb, rematou Alice Alves.\u00a0<\/p>\n","protected":false},"excerpt":{"rendered":"Alice Alves anunciou recentemente a separa\u00e7\u00e3o do chef Carlos Afonso e esta ter\u00e7a-feira esteve no programa &#8216;Dois \u00e0s&hellip;\n","protected":false},"author":2,"featured_media":165145,"comment_status":"","ping_status":"","sticky":false,"template":"","format":"standard","meta":{"footnotes":""},"categories":[142],"tags":[8113,18706,31248,114,115,18705,32,33,1509,151,18704],"class_list":{"0":"post-165144","1":"post","2":"type-post","3":"status-publish","4":"format-standard","5":"has-post-thumbnail","7":"category-tv","8":"tag-alice-alves","9":"tag-bastidores-secret-story","10":"tag-carlos-afonso","11":"tag-entertainment","12":"tag-entretenimento","13":"tag-entrevistas-concorrentes-tvi","14":"tag-portugal","15":"tag-pt","16":"tag-separacao","17":"tag-tv","18":"tag-vida-fora-da-casa"},"share_on_mastodon":{"url":"https:\/\/pubeurope.com\/@pt\/115612239968443071","error":""},"_links":{"self":[{"href":"https:\/\/www.europesays.com\/pt\/wp-json\/wp\/v2\/posts\/165144","targetHints":{"allow":["GET"]}}],"collection":[{"href":"https:\/\/www.europesays.com\/pt\/wp-json\/wp\/v2\/posts"}],"about":[{"href":"https:\/\/www.europesays.com\/pt\/wp-json\/wp\/v2\/types\/post"}],"author":[{"embeddable":true,"href":"https:\/\/www.europesays.com\/pt\/wp-json\/wp\/v2\/users\/2"}],"replies":[{"embeddable":true,"href":"https:\/\/www.europesays.com\/pt\/wp-json\/wp\/v2\/comments?post=165144"}],"version-history":[{"count":0,"href":"https:\/\/www.europesays.com\/pt\/wp-json\/wp\/v2\/posts\/165144\/revisions"}],"wp:featuredmedia":[{"embeddable":true,"href":"https:\/\/www.europesays.com\/pt\/wp-json\/wp\/v2\/media\/165145"}],"wp:attachment":[{"href":"https:\/\/www.europesays.com\/pt\/wp-json\/wp\/v2\/media?parent=165144"}],"wp:term":[{"taxonomy":"category","embeddable":true,"href":"https:\/\/www.europesays.com\/pt\/wp-json\/wp\/v2\/categories?post=165144"},{"taxonomy":"post_tag","embeddable":true,"href":"https:\/\/www.europesays.com\/pt\/wp-json\/wp\/v2\/tags?post=165144"}],"curies":[{"name":"wp","href":"https:\/\/api.w.org\/{rel}","templated":true}]}}