{"id":165148,"date":"2025-11-25T20:35:12","date_gmt":"2025-11-25T20:35:12","guid":{"rendered":"https:\/\/www.europesays.com\/pt\/165148\/"},"modified":"2025-11-25T20:35:12","modified_gmt":"2025-11-25T20:35:12","slug":"saude-intensifica-medidas-de-combate-as-arboviroses-prefeitura-da-cidade-do-rio-de-janeiro","status":"publish","type":"post","link":"https:\/\/www.europesays.com\/pt\/165148\/","title":{"rendered":"Sa\u00fade intensifica medidas de combate \u00e0s arboviroses &#8211; Prefeitura da Cidade do Rio de Janeiro"},"content":{"rendered":"<p>                     <img width=\"2048\" height=\"1365\"  src=\"https:\/\/www.europesays.com\/pt\/wp-content\/uploads\/2025\/11\/51942020271_5df47b44e8_k.jpg\" class=\"attachment-post-thumbnail size-post-thumbnail wp-post-image lazyload\" alt=\"\" decoding=\"async\" fetchpriority=\"high\" \/>A Prefeitura tem feito campanhas de combate ao mosquito da dengue &#8211; Fabio Motta\/Prefeitura do Rio                  <\/p>\n<p>A Secretaria Municipal de Sa\u00fade (SMS) est\u00e1 intensificando as a\u00e7\u00f5es de preven\u00e7\u00e3o \u00e0s arboviroses (dengue, zika e chikungunya) e de controle vetorial em todo o munic\u00edpio. Com a programa\u00e7\u00e3o SVS na Rua, oito bairros das zonas Sul, Norte e Oeste recebem esta semana as atividades dos agentes de vigil\u00e2ncia ambiental em sa\u00fade.<\/p>\n<p>Nesta ter\u00e7a-feira (25\/11), o SVS na Rua foi realizado no Andara\u00ed. Na quarta-feira (26\/11), ser\u00e1 a vez dos bairros de Manguinhos e Guaratiba. J\u00e1 na quinta-feira (27\/11) ser\u00e3o contemplados os bairros de Copacabana, Jacarezinho, Senador Camar\u00e1, Sepetiba e Paci\u00eancia.<\/p>\n<p>Este ano, at\u00e9 o dia 15 de novembro, foram feitas 10.696.524 visitas a im\u00f3veis para preven\u00e7\u00e3o e controle do Aedes aegypti e 1.490.152 recipientes que poderiam servir de criadouros de mosquitos foram tratados ou eliminados. Em 2024, foram realizadas 11,6 milh\u00f5es de vistorias em im\u00f3veis para controle e preven\u00e7\u00e3o de poss\u00edveis focos do mosquito, com elimina\u00e7\u00e3o ou tratamento de mais de 1,8 milh\u00e3o de recipientes.<\/p>\n<p>A SMS tamb\u00e9m realiza a\u00e7\u00f5es educativas e de mobiliza\u00e7\u00e3o social para orientar a popula\u00e7\u00e3o sobre as medidas para a preven\u00e7\u00e3o de arboviroses urbanas, visando despertar a responsabilidade sanit\u00e1ria individual e coletiva. Quando necess\u00e1rio, a popula\u00e7\u00e3o pode fazer pedidos de vistoria ou denunciar poss\u00edveis focos do mosquito pela Central 1746 de atendimento ao cidad\u00e3o da Prefeitura, pelo telefone ou site.<\/p>\n<p>Categoria: <\/p>\n<li>25 de novembro de 2025<\/li>\n<p>\t\t\t\t\tMarca\u00e7\u00f5es: <a href=\"https:\/\/prefeitura.rio\/tag\/aedes-aegypti\/\" rel=\"tag nofollow noopener\" target=\"_blank\">aedes aegypti<\/a> <a href=\"https:\/\/prefeitura.rio\/tag\/arboviroses\/\" rel=\"tag nofollow noopener\" target=\"_blank\">arboviroses<\/a> <a href=\"https:\/\/prefeitura.rio\/tag\/chikungunya\/\" rel=\"tag nofollow noopener\" target=\"_blank\">chikungunya<\/a> <a href=\"https:\/\/prefeitura.rio\/tag\/dengue\/\" rel=\"tag nofollow noopener\" target=\"_blank\">dengue<\/a> <a href=\"https:\/\/prefeitura.rio\/tag\/zika\/\" rel=\"tag nofollow noopener\" target=\"_blank\">zika<\/a><\/p>\n","protected":false},"excerpt":{"rendered":"A Prefeitura tem feito campanhas de combate ao mosquito da dengue &#8211; Fabio Motta\/Prefeitura do Rio A Secretaria&hellip;\n","protected":false},"author":2,"featured_media":165149,"comment_status":"","ping_status":"","sticky":false,"template":"","format":"standard","meta":{"footnotes":""},"categories":[86],"tags":[1896,1889,5725,1891,116,32,33,117,1892],"class_list":{"0":"post-165148","1":"post","2":"type-post","3":"status-publish","4":"format-standard","5":"has-post-thumbnail","7":"category-saude","8":"tag-aedes-aegypti","9":"tag-arboviroses","10":"tag-chikungunya","11":"tag-dengue","12":"tag-health","13":"tag-portugal","14":"tag-pt","15":"tag-saude","16":"tag-zika"},"share_on_mastodon":{"url":"https:\/\/pubeurope.com\/@pt\/115612255975197334","error":""},"_links":{"self":[{"href":"https:\/\/www.europesays.com\/pt\/wp-json\/wp\/v2\/posts\/165148","targetHints":{"allow":["GET"]}}],"collection":[{"href":"https:\/\/www.europesays.com\/pt\/wp-json\/wp\/v2\/posts"}],"about":[{"href":"https:\/\/www.europesays.com\/pt\/wp-json\/wp\/v2\/types\/post"}],"author":[{"embeddable":true,"href":"https:\/\/www.europesays.com\/pt\/wp-json\/wp\/v2\/users\/2"}],"replies":[{"embeddable":true,"href":"https:\/\/www.europesays.com\/pt\/wp-json\/wp\/v2\/comments?post=165148"}],"version-history":[{"count":0,"href":"https:\/\/www.europesays.com\/pt\/wp-json\/wp\/v2\/posts\/165148\/revisions"}],"wp:featuredmedia":[{"embeddable":true,"href":"https:\/\/www.europesays.com\/pt\/wp-json\/wp\/v2\/media\/165149"}],"wp:attachment":[{"href":"https:\/\/www.europesays.com\/pt\/wp-json\/wp\/v2\/media?parent=165148"}],"wp:term":[{"taxonomy":"category","embeddable":true,"href":"https:\/\/www.europesays.com\/pt\/wp-json\/wp\/v2\/categories?post=165148"},{"taxonomy":"post_tag","embeddable":true,"href":"https:\/\/www.europesays.com\/pt\/wp-json\/wp\/v2\/tags?post=165148"}],"curies":[{"name":"wp","href":"https:\/\/api.w.org\/{rel}","templated":true}]}}