{"id":165150,"date":"2025-11-25T20:39:16","date_gmt":"2025-11-25T20:39:16","guid":{"rendered":"https:\/\/www.europesays.com\/pt\/165150\/"},"modified":"2025-11-25T20:39:16","modified_gmt":"2025-11-25T20:39:16","slug":"madrid-musicos-portugueses-atacados-por-grupo-neonazi-observador","status":"publish","type":"post","link":"https:\/\/www.europesays.com\/pt\/165150\/","title":{"rendered":"Madrid. M\u00fasicos portugueses atacados por grupo neonazi \u2013 Observador"},"content":{"rendered":"<p>Quatro m\u00fasicos portugueses e um cidad\u00e3o espanhol foram alvo de um ataque com spray g\u00e1s-pimenta por parte de um grupo de cinco neonazis na madrugada de domingo, \u00e0 porta de uma associa\u00e7\u00e3o cultural utilizada como sede do Partido Comunista local, no bairro de Hortaleza, em Madrid. O incidente ocorreu por volta das 00h15, ap\u00f3s a atua\u00e7\u00e3o de dois grupos portugueses.<\/p>\n<p>N\u00e9lson Oliveira, conhecido como \u201cFast Eddie Nelson\u201d, de 51 anos, membro dos Los Santeros (uma das duas bandas portuguesas em cartaz), explicou ao jornal <a href=\"https:\/\/expresso.pt\/sociedade\/seguranca\/2025-11-25-musicos-portugueses-agredidos-com-gas-pimenta-por-neonazis-em-madrid-34f8d272\" rel=\"nofollow noopener\" target=\"_blank\">Expresso<\/a> que tudo aconteceu quando alguns m\u00fasicos conversavam \u00e0 porta, j\u00e1 depois de terminados os concertos. Tinha-se afastado alguns metros para ver o telem\u00f3vel quando ouviu gritos. \u201cPercebi que <strong>cinco indiv\u00edduos militarizados atiraram com o g\u00e1s-pimenta<\/strong> em dire\u00e7\u00e3o aos olhos dos meus amigos, fugindo imediatamente dali\u201d, relatou, acrescentando: \u201cUm dos meus amigos ficou momentaneamente cego e cheio de dores nos olhos\u201d. Entre as v\u00edtimas estavam tamb\u00e9m elementos da outra banda vinda do Barreiro, os Conan Castro &amp; The Moonshine Pi\u00f1atas.<\/p>\n<p>A Pol\u00edcia Nacional chegou poucos minutos depois, chamada pelos pr\u00f3prios m\u00fasicos, assim como os servi\u00e7os de emerg\u00eancia m\u00e9dica. Entre os atacados encontrava-se tamb\u00e9m Raul L\u00f3pez Vicente, professor de 48 anos e um dos organizadores do evento, que descreveu ao seman\u00e1rio os agressores como um grupo de est\u00e9tica skinhead, <strong>com s\u00edmbolos associados ao fascismo<\/strong>, incluindo uma cruz de Borgonha. Explicou, tamb\u00e9m, que este tipo de grupos atua regularmente para \u201c<strong>invalidar qualquer tipo de a\u00e7\u00e3o social popular<\/strong> que n\u00e3o concorde com o racismo, a homofobia, rejeitando o que \u00e9 diferente\u201d.<\/p>\n<p>Segundo o que os dois homens relataram, os agentes demonstraram desde logo conhecimento de epis\u00f3dios semelhantes na zona. De acordo com a <a href=\"https:\/\/www.periodicohortaleza.org\/ataque-neonazi-tras-un-concierto-en-hortaleza\/\" rel=\"nofollow noopener\" target=\"_blank\">comunica\u00e7\u00e3o social local<\/a>, o ataque ocorreu apenas uma semana depois de <strong>tr\u00eas jovens migrantes<\/strong> terem sido igualmente atacados com g\u00e1s-pimenta num bairro pr\u00f3ximo, num contexto de crescente hostilidade contra menores estrangeiros n\u00e3o acompanhados, frequentemente apelidados de \u201cMenas\u201d\u00a0pelos movimentos radicais.<\/p>\n<p>Tamb\u00e9m no \u00faltimo fim de semana, <a href=\"https:\/\/twitter.com\/AVSanLorenzo\/status\/1992563673718743186\" rel=\"nofollow noopener\" target=\"_blank\">outra associa\u00e7\u00e3o do bairro viu a sua porta vandalizada<\/a> com <strong>su\u00e1sticas e s\u00edmbolos neonazis<\/strong>, desenhos que os moradores se apressaram a apagar, mas que tornaram a surgir na noite seguinte.<\/p>\n<blockquote class=\"twitter-tweet\" data-width=\"500\" data-dnt=\"true\">\n<p lang=\"es\" dir=\"ltr\">Anoche unos neonazis agredieron a un compa\u00f1ero del Club del Disco de Hortaleza y a varios de los m\u00fasicos que protagonizaron un concierto en el Centro Social El Nido de la calle Santa Susana, mientras nuestra asociaci\u00f3n amanece este domingo con esv\u00e1sticas por segundo d\u00eda. <a href=\"https:\/\/t.co\/hRkZdYNNBT\" rel=\"nofollow\">pic.twitter.com\/hRkZdYNNBT<\/a><\/p>\n<p>\u2014 Asociaci\u00f3n Vecinal de San Lorenzo (@AVSanLorenzo) <a href=\"https:\/\/twitter.com\/AVSanLorenzo\/status\/1992563673718743186?ref_src=twsrc%5Etfw\" rel=\"nofollow noopener\" target=\"_blank\">November 23, 2025<\/a><\/p>\n<\/blockquote>\n<p>Os organizadores do concerto suspeitam que o grupo respons\u00e1vel pelo ataque tamb\u00e9m pretendia vandalizar a fachada do espa\u00e7o onde decorria a festa, mas acabou por optar pelo ataque direto aos m\u00fasicos.<\/p>\n<p>            <script async src=\"https:\/\/platform.twitter.com\/widgets.js\" charset=\"utf-8\"><\/script><\/p>\n","protected":false},"excerpt":{"rendered":"Quatro m\u00fasicos portugueses e um cidad\u00e3o espanhol foram alvo de um ataque com spray g\u00e1s-pimenta por parte de&hellip;\n","protected":false},"author":2,"featured_media":165151,"comment_status":"","ping_status":"","sticky":false,"template":"","format":"standard","meta":{"footnotes":""},"categories":[50],"tags":[27,28,640,445,9041,15,16,14,25,26,21,22,62,13890,12,13,19,20,302,23,24,17,18,29,30,31,63,64,65],"class_list":{"0":"post-165150","1":"post","2":"type-post","3":"status-publish","4":"format-standard","5":"has-post-thumbnail","7":"category-mundo","8":"tag-breaking-news","9":"tag-breakingnews","10":"tag-espanha","11":"tag-europa","12":"tag-extrema-direita","13":"tag-featured-news","14":"tag-featurednews","15":"tag-headlines","16":"tag-latest-news","17":"tag-latestnews","18":"tag-main-news","19":"tag-mainnews","20":"tag-mundo","21":"tag-nazismo","22":"tag-news","23":"tag-noticias","24":"tag-noticias-principais","25":"tag-noticiasprincipais","26":"tag-polu00edtica","27":"tag-principais-noticias","28":"tag-principaisnoticias","29":"tag-top-stories","30":"tag-topstories","31":"tag-ultimas","32":"tag-ultimas-noticias","33":"tag-ultimasnoticias","34":"tag-world","35":"tag-world-news","36":"tag-worldnews"},"share_on_mastodon":{"url":"https:\/\/pubeurope.com\/@pt\/115612271572442266","error":""},"_links":{"self":[{"href":"https:\/\/www.europesays.com\/pt\/wp-json\/wp\/v2\/posts\/165150","targetHints":{"allow":["GET"]}}],"collection":[{"href":"https:\/\/www.europesays.com\/pt\/wp-json\/wp\/v2\/posts"}],"about":[{"href":"https:\/\/www.europesays.com\/pt\/wp-json\/wp\/v2\/types\/post"}],"author":[{"embeddable":true,"href":"https:\/\/www.europesays.com\/pt\/wp-json\/wp\/v2\/users\/2"}],"replies":[{"embeddable":true,"href":"https:\/\/www.europesays.com\/pt\/wp-json\/wp\/v2\/comments?post=165150"}],"version-history":[{"count":0,"href":"https:\/\/www.europesays.com\/pt\/wp-json\/wp\/v2\/posts\/165150\/revisions"}],"wp:featuredmedia":[{"embeddable":true,"href":"https:\/\/www.europesays.com\/pt\/wp-json\/wp\/v2\/media\/165151"}],"wp:attachment":[{"href":"https:\/\/www.europesays.com\/pt\/wp-json\/wp\/v2\/media?parent=165150"}],"wp:term":[{"taxonomy":"category","embeddable":true,"href":"https:\/\/www.europesays.com\/pt\/wp-json\/wp\/v2\/categories?post=165150"},{"taxonomy":"post_tag","embeddable":true,"href":"https:\/\/www.europesays.com\/pt\/wp-json\/wp\/v2\/tags?post=165150"}],"curies":[{"name":"wp","href":"https:\/\/api.w.org\/{rel}","templated":true}]}}