{"id":165163,"date":"2025-11-25T20:48:13","date_gmt":"2025-11-25T20:48:13","guid":{"rendered":"https:\/\/www.europesays.com\/pt\/165163\/"},"modified":"2025-11-25T20:48:13","modified_gmt":"2025-11-25T20:48:13","slug":"luisao-nao-acredito-que-o-abel-va-atirar-a-toalha-ao-chao","status":"publish","type":"post","link":"https:\/\/www.europesays.com\/pt\/165163\/","title":{"rendered":"Luis\u00e3o: \u00abN\u00e3o acredito que o Abel v\u00e1 atirar a toalha ao ch\u00e3o\u00bb"},"content":{"rendered":"<p>O antigo jogador do Benfica Luis\u00e3o criticou as declara\u00e7\u00f5es de Abel Ferreira, ap\u00f3s o empate (0-0) do Palmeiras diante do Fluminense. O ex-central contestou o facto de o t\u00e9cnico do \u00abverd\u00e3o\u00bb atirar a toalha ao ch\u00e3o <a href=\"https:\/\/maisfutebol.iol.pt\/made-in\/brasil\/abel-atira-a-tolha-ao-chao-o-campeonato-esta-entregue\" rel=\"nofollow noopener\" target=\"_blank\">ao afirmar que o campeonato estava entregue com ainda tr\u00eas jornadas por jogar<\/a>.<\/p>\n<p>\u00abSoou a menosprezo pelo Campeonato Brasileiro. Ele e a Leila [presidente do clube], por vezes, t\u00eam um comportamento como se estivessem acima do bem e do mal\u00bb, come\u00e7ou por dizer durante o programa Resenha da Rodada.<\/p>\n<p>\u00abN\u00e3o acredito que ele v\u00e1 mesmo atirar a toalha ao ch\u00e3o, mas \u00e9 um menosprezo para quem est\u00e1 na frente, para as equipas que lutam mais abaixo e para quem vier a ser campe\u00e3o brasileiro. \u00c9 uma estrat\u00e9gia, mas infeliz\u00bb, acrescentou o ex-capit\u00e3o dos encarnados.<\/p>\n<p>O Flamengo \u00e9 l\u00edder isolado do campeonato brasileiro, com mais quatro pontos que o Palmeiras. A tr\u00eas jornadas do fim, o campe\u00e3o poder\u00e1 ser conhecido j\u00e1 na madrugada de quarta-feira. O Meng\u00e3o visita o Atl\u00e9tico Mineiro, enquanto a equipa de Abel Ferreira defronta o Gr\u00e9mio de Porto Alegre, tamb\u00e9m fora de casa.<\/p>\n<p>O t\u00e9cnico portugu\u00eas tendo em vista a final da Ta\u00e7a Libertadores, que se joga no pr\u00f3ximo s\u00e1bado diante o Flamengo, optou por poupar 11 jogadores, alguns dos quais habituais titulares, que n\u00e3o viajaram com a equipa para Porto Alegre e n\u00e3o ser\u00e3o op\u00e7\u00e3o no jogo com o Gr\u00e9mio.<\/p>\n","protected":false},"excerpt":{"rendered":"O antigo jogador do Benfica Luis\u00e3o criticou as declara\u00e7\u00f5es de Abel Ferreira, ap\u00f3s o empate (0-0) do Palmeiras&hellip;\n","protected":false},"author":2,"featured_media":165164,"comment_status":"","ping_status":"","sticky":false,"template":"","format":"standard","meta":{"footnotes":""},"categories":[87],"tags":[3506,51,726,1620,135,2460,34966,46,1621,32,33,47,134],"class_list":{"0":"post-165163","1":"post","2":"type-post","3":"status-publish","4":"format-standard","5":"has-post-thumbnail","7":"category-desporto","8":"tag-abel-ferreira","9":"tag-benfica","10":"tag-brasil","11":"tag-brasileirao","12":"tag-desporto","13":"tag-flamengo","14":"tag-luisao","15":"tag-maisfutebol","16":"tag-palmeiras","17":"tag-portugal","18":"tag-pt","19":"tag-pura-paixao","20":"tag-sports"},"share_on_mastodon":{"url":"https:\/\/pubeurope.com\/@pt\/115612307362091344","error":""},"_links":{"self":[{"href":"https:\/\/www.europesays.com\/pt\/wp-json\/wp\/v2\/posts\/165163","targetHints":{"allow":["GET"]}}],"collection":[{"href":"https:\/\/www.europesays.com\/pt\/wp-json\/wp\/v2\/posts"}],"about":[{"href":"https:\/\/www.europesays.com\/pt\/wp-json\/wp\/v2\/types\/post"}],"author":[{"embeddable":true,"href":"https:\/\/www.europesays.com\/pt\/wp-json\/wp\/v2\/users\/2"}],"replies":[{"embeddable":true,"href":"https:\/\/www.europesays.com\/pt\/wp-json\/wp\/v2\/comments?post=165163"}],"version-history":[{"count":0,"href":"https:\/\/www.europesays.com\/pt\/wp-json\/wp\/v2\/posts\/165163\/revisions"}],"wp:featuredmedia":[{"embeddable":true,"href":"https:\/\/www.europesays.com\/pt\/wp-json\/wp\/v2\/media\/165164"}],"wp:attachment":[{"href":"https:\/\/www.europesays.com\/pt\/wp-json\/wp\/v2\/media?parent=165163"}],"wp:term":[{"taxonomy":"category","embeddable":true,"href":"https:\/\/www.europesays.com\/pt\/wp-json\/wp\/v2\/categories?post=165163"},{"taxonomy":"post_tag","embeddable":true,"href":"https:\/\/www.europesays.com\/pt\/wp-json\/wp\/v2\/tags?post=165163"}],"curies":[{"name":"wp","href":"https:\/\/api.w.org\/{rel}","templated":true}]}}