{"id":165168,"date":"2025-11-25T20:54:31","date_gmt":"2025-11-25T20:54:31","guid":{"rendered":"https:\/\/www.europesays.com\/pt\/165168\/"},"modified":"2025-11-25T20:54:31","modified_gmt":"2025-11-25T20:54:31","slug":"naval-group-frances-propoe-vender-fragatas-a-portugal-para-investir-dezenas-de-milhoes-no-arsenal-do-alfeite","status":"publish","type":"post","link":"https:\/\/www.europesays.com\/pt\/165168\/","title":{"rendered":"Naval Group franc\u00eas prop\u00f5e vender fragatas a Portugal para investir &#8220;dezenas de milh\u00f5es&#8221; no Arsenal do Alfeite"},"content":{"rendered":"<p>O grupo franc\u00eas Naval Group, que <a href=\"https:\/\/expresso.pt\/politica\/defesa\/2025-11-13-melo-anunciou-fragatas-para-a-marinha-e-os-franceses-da-naval-group-vieram-vender-tem-ate-ao-fim-do-mes-para-candidatura-6eefb3e1\" target=\"_blank\" rel=\"noopener noreferrer nofollow\">veio mostrar recentemente a sua mais moderna fragata \u00e0 Marinha<\/a> e ao Estado portugu\u00eas, <strong>est\u00e1 dispon\u00edvel para investir no Arsenal do Alfeite, em Almada, apostando simultaneamente na ind\u00fastria de manuten\u00e7\u00e3o portuguesa<\/strong>. Um investimento que passaria pela cria\u00e7\u00e3o de uma nova empresa, a ser detida conjuntamente pelo Naval Group e Arsenal do Alfeite, estaleiros navais que foram empresarializados em 2009, e que prestam o servi\u00e7o de manuten\u00e7\u00e3o dos navios \u00e0 Marinha. E que seria uma contrapartida da venda de fragatas \u00e0 Marinha portuguesa.<\/p>\n<p>A empresa francesa compromete-se a investir os montantes necess\u00e1rios, estimados em dezenas de milh\u00f5es de euros, para criar um polo industrial naval no Alfeite, que est\u00e1 em crise h\u00e1 longos anos, a perder pessoal especializado e sem capacidade de resposta para as necessidades da Armada portuguesa. O Naval Group garante tamb\u00e9m que 20% do investimento em fragatas ser\u00e1 devolvido \u00e0 economia nacional ao longo da vida \u00fatil das fragatas&#8221;, l\u00ea-se num comunicado enviado ao Expresso. <strong>O presidente do grupo assumiu ter capacidade para entregar tr\u00eas fragatas a Portugal at\u00e9 2030, enquanto vigora o financiamento europeu.<\/strong><\/p>\n<p>Pierre-Eric Pommellet, presidente executivo do Naval Group, no Cais de Alc\u00e2ntara, junto \u00e0 fragata \u201cAmiral Ronarc\u2019h\u201d<\/p>\n<p>O investimento proposto pelo Naval Group &#8220;inclui a moderniza\u00e7\u00e3o das infraestruturas, equipamentos e capacidades industriais do Arsenal do Alfeite, permitindo opera\u00e7\u00f5es de manuten\u00e7\u00e3o e atualiza\u00e7\u00e3o&#8221; tanto para as unidades navais atuais como futuras.<\/p>\n<p>E o objetivo seria refor\u00e7ar &#8220;as capacidades industriais navais de Portugal e o apoio a longo prazo \u00e0 Marinha Portuguesa&#8221;, assegura o grupo liderado por Pierre-Eric Pommellet.<\/p>\n<p>Esta nova empresa conjunta, explica o Naval Group, iria &#8220;gerir e executar todos os futuros contratos de manuten\u00e7\u00e3o da Marinha Portuguesa&#8221;. Defende ainda que esta iniciativa tem como miss\u00e3o &#8220;contribuir diretamente para a soberania de Portugal, a autonomia estrat\u00e9gica e a consolida\u00e7\u00e3o de um ecossistema industrial naval sustent\u00e1vel&#8221;, transformando &#8220;o Arsenal do Alfeite num centro industrial competitivo e moderno para atividades de manuten\u00e7\u00e3o&#8221;.<\/p>\n<p>O grupo <a href=\"https:\/\/expresso.pt\/politica\/defesa\/2025-11-20-italianos-lutam-com-franceses-pelo-maior-negocio-militar-em-portugal-8eaf56e5\" target=\"_blank\" rel=\"noopener noreferrer nofollow\">est\u00e1 a disputar com os italianos Fincantieri<\/a> a venda de fragatas \u00e0 marinha portuguesa, como o Expresso escreveu nesta edi\u00e7\u00e3o. A aquisi\u00e7\u00e3o de duas ou tr\u00eas fragatas novas custar\u00e1 entre \u20ac2 mil milh\u00f5es e \u20ac3 mil milh\u00f5es, considerando o pre\u00e7o pago por outros pa\u00edses. \u00c9 o maior neg\u00f3cio na \u00e1rea da Defesa desde a decis\u00e3o para comprar dois submarinos alem\u00e3es por cerca de mil milh\u00f5es, h\u00e1 20 anos.<\/p>\n<p>A parceria com o Naval criaria, diz o grupo franc\u00eas, mais empregos para o Arsenal do Alfeite, mas tamb\u00e9m para outras empresas portuguesas na \u00e1rea da manuten\u00e7\u00e3o. &#8220;O Naval Group garantir\u00e1 uma transfer\u00eancia estruturada de know-how, com base em d\u00e9cadas de experi\u00eancia no apoio \u00e0 Marinha Francesa e a in\u00fameras frotas internacionais&#8221;, diz a empresa. E aponta como exemplo o desenvolvimento de instala\u00e7\u00f5es submarinas no Brasil, onde tem investimentos.<\/p>\n","protected":false},"excerpt":{"rendered":"O grupo franc\u00eas Naval Group, que veio mostrar recentemente a sua mais moderna fragata \u00e0 Marinha e ao&hellip;\n","protected":false},"author":2,"featured_media":165169,"comment_status":"","ping_status":"","sticky":false,"template":"","format":"standard","meta":{"footnotes":""},"categories":[10],"tags":[27,28,15,16,14,25,26,21,22,12,13,19,20,32,23,24,33,17,18,29,30,31],"class_list":{"0":"post-165168","1":"post","2":"type-post","3":"status-publish","4":"format-standard","5":"has-post-thumbnail","7":"category-portugal","8":"tag-breaking-news","9":"tag-breakingnews","10":"tag-featured-news","11":"tag-featurednews","12":"tag-headlines","13":"tag-latest-news","14":"tag-latestnews","15":"tag-main-news","16":"tag-mainnews","17":"tag-news","18":"tag-noticias","19":"tag-noticias-principais","20":"tag-noticiasprincipais","21":"tag-portugal","22":"tag-principais-noticias","23":"tag-principaisnoticias","24":"tag-pt","25":"tag-top-stories","26":"tag-topstories","27":"tag-ultimas","28":"tag-ultimas-noticias","29":"tag-ultimasnoticias"},"share_on_mastodon":{"url":"https:\/\/pubeurope.com\/@pt\/115612330502444295","error":""},"_links":{"self":[{"href":"https:\/\/www.europesays.com\/pt\/wp-json\/wp\/v2\/posts\/165168","targetHints":{"allow":["GET"]}}],"collection":[{"href":"https:\/\/www.europesays.com\/pt\/wp-json\/wp\/v2\/posts"}],"about":[{"href":"https:\/\/www.europesays.com\/pt\/wp-json\/wp\/v2\/types\/post"}],"author":[{"embeddable":true,"href":"https:\/\/www.europesays.com\/pt\/wp-json\/wp\/v2\/users\/2"}],"replies":[{"embeddable":true,"href":"https:\/\/www.europesays.com\/pt\/wp-json\/wp\/v2\/comments?post=165168"}],"version-history":[{"count":0,"href":"https:\/\/www.europesays.com\/pt\/wp-json\/wp\/v2\/posts\/165168\/revisions"}],"wp:featuredmedia":[{"embeddable":true,"href":"https:\/\/www.europesays.com\/pt\/wp-json\/wp\/v2\/media\/165169"}],"wp:attachment":[{"href":"https:\/\/www.europesays.com\/pt\/wp-json\/wp\/v2\/media?parent=165168"}],"wp:term":[{"taxonomy":"category","embeddable":true,"href":"https:\/\/www.europesays.com\/pt\/wp-json\/wp\/v2\/categories?post=165168"},{"taxonomy":"post_tag","embeddable":true,"href":"https:\/\/www.europesays.com\/pt\/wp-json\/wp\/v2\/tags?post=165168"}],"curies":[{"name":"wp","href":"https:\/\/api.w.org\/{rel}","templated":true}]}}