{"id":165170,"date":"2025-11-25T20:55:28","date_gmt":"2025-11-25T20:55:28","guid":{"rendered":"https:\/\/www.europesays.com\/pt\/165170\/"},"modified":"2025-11-25T20:55:28","modified_gmt":"2025-11-25T20:55:28","slug":"jovem-abusado-no-fundao-onze-bombeiros-saem-em-liberdade","status":"publish","type":"post","link":"https:\/\/www.europesays.com\/pt\/165170\/","title":{"rendered":"Jovem abusado no Fund\u00e3o: onze bombeiros saem em liberdade"},"content":{"rendered":"<p class=\"category\"><a href=\"https:\/\/sicnoticias.pt\/pais\/justica\" rel=\"nofollow noopener\" target=\"_blank\">Justi\u00e7a<\/a><\/p>\n<p>Tr\u00eas bombeiros ficaram sujeitos a apresenta\u00e7\u00f5es semanais \u00e0s autoridades enquanto os restantes oito elementos ficaram proibidos de entrarem no quartel. A todos os suspeitos foi aplicada ainda a medida de coa\u00e7\u00e3o de proibi\u00e7\u00e3o de contactos.<\/p>\n<p><img decoding=\"async\" src=\"https:\/\/www.europesays.com\/pt\/wp-content\/uploads\/2025\/11\/1764104128_9_original.webp\" alt=\"Jovem abusado no Fund\u00e3o: onze bombeiros saem em liberdade\"\/><\/p>\n<p>Nancy Wing<\/p>\n<p><strong>Os onze bombeiros do Fund\u00e3o detidos por serem suspeitos de violarem um colega de 19 anos numa praxe no quartel sa\u00edram em liberdade. As medidas de coa\u00e7\u00e3o foram conhecidas esta tarde.<\/strong><\/p>\n<p>Os arguidos est\u00e3o indiciados pela pr\u00e1tica de<strong> crimes de viola\u00e7\u00e3o e <\/strong><strong>coac\u00e7\u00e3o sexual<\/strong>. Ap\u00f3s serem ouvidos em interrogat\u00f3rio, o tribunal decidiu deixar os onze suspeitos sa\u00edrem em liberdade.<\/p>\n<p>No entanto, por considererar que h\u00e1 <strong>perigo de &#8220;continua\u00e7\u00e3o da actividade criminosa, perturba\u00e7\u00e3o do decurso <\/strong><strong>do inqu\u00e9rito e perturba\u00e7\u00e3o da ordem e tranquilidade p\u00fablicas&#8221;<\/strong>, foram aplicadas medidas de coa\u00e7\u00e3o.<\/p>\n<p><strong>A todos os suspeitos foi aplicada a medida de coa\u00e7\u00e3o de proibi\u00e7\u00e3o de contactos. Tr\u00eas bombeiros ficaram ainda sujeitos a apresenta\u00e7\u00f5es semanais \u00e0s autoridades<\/strong>, enquanto os <strong>restantes oito elementos ficaram proibidos de entrarem no quartel<\/strong>.<\/p>\n<p>A medida de coa\u00e7\u00e3o que determina a<strong> proibi\u00e7\u00e3o de entrada no quartel dos bombeiros do Fund\u00e3o deixa, contudo, de estar em vigor no caso de haver um &#8220;grave inc\u00eandio&#8221;<\/strong> em que a presen\u00e7a destes bombeiros seja &#8220;absolutamente imprescind\u00edvel&#8221; para salvaguardar vidas ou patrim\u00f3nio, estabelece o tribunal.<\/p>\n","protected":false},"excerpt":{"rendered":"Justi\u00e7a Tr\u00eas bombeiros ficaram sujeitos a apresenta\u00e7\u00f5es semanais \u00e0s autoridades enquanto os restantes oito elementos ficaram proibidos de&hellip;\n","protected":false},"author":2,"featured_media":165171,"comment_status":"","ping_status":"","sticky":false,"template":"","format":"standard","meta":{"footnotes":""},"categories":[8],"tags":[27,28,15,16,14,25,26,21,22,12,13,19,20,32,23,24,33,17,18,29,30,31],"class_list":{"0":"post-165170","1":"post","2":"type-post","3":"status-publish","4":"format-standard","5":"has-post-thumbnail","7":"category-principais-noticias","8":"tag-breaking-news","9":"tag-breakingnews","10":"tag-featured-news","11":"tag-featurednews","12":"tag-headlines","13":"tag-latest-news","14":"tag-latestnews","15":"tag-main-news","16":"tag-mainnews","17":"tag-news","18":"tag-noticias","19":"tag-noticias-principais","20":"tag-noticiasprincipais","21":"tag-portugal","22":"tag-principais-noticias","23":"tag-principaisnoticias","24":"tag-pt","25":"tag-top-stories","26":"tag-topstories","27":"tag-ultimas","28":"tag-ultimas-noticias","29":"tag-ultimasnoticias"},"share_on_mastodon":{"url":"https:\/\/pubeurope.com\/@pt\/115612334708035262","error":""},"_links":{"self":[{"href":"https:\/\/www.europesays.com\/pt\/wp-json\/wp\/v2\/posts\/165170","targetHints":{"allow":["GET"]}}],"collection":[{"href":"https:\/\/www.europesays.com\/pt\/wp-json\/wp\/v2\/posts"}],"about":[{"href":"https:\/\/www.europesays.com\/pt\/wp-json\/wp\/v2\/types\/post"}],"author":[{"embeddable":true,"href":"https:\/\/www.europesays.com\/pt\/wp-json\/wp\/v2\/users\/2"}],"replies":[{"embeddable":true,"href":"https:\/\/www.europesays.com\/pt\/wp-json\/wp\/v2\/comments?post=165170"}],"version-history":[{"count":0,"href":"https:\/\/www.europesays.com\/pt\/wp-json\/wp\/v2\/posts\/165170\/revisions"}],"wp:featuredmedia":[{"embeddable":true,"href":"https:\/\/www.europesays.com\/pt\/wp-json\/wp\/v2\/media\/165171"}],"wp:attachment":[{"href":"https:\/\/www.europesays.com\/pt\/wp-json\/wp\/v2\/media?parent=165170"}],"wp:term":[{"taxonomy":"category","embeddable":true,"href":"https:\/\/www.europesays.com\/pt\/wp-json\/wp\/v2\/categories?post=165170"},{"taxonomy":"post_tag","embeddable":true,"href":"https:\/\/www.europesays.com\/pt\/wp-json\/wp\/v2\/tags?post=165170"}],"curies":[{"name":"wp","href":"https:\/\/api.w.org\/{rel}","templated":true}]}}