{"id":165184,"date":"2025-11-25T21:16:09","date_gmt":"2025-11-25T21:16:09","guid":{"rendered":"https:\/\/www.europesays.com\/pt\/165184\/"},"modified":"2025-11-25T21:16:09","modified_gmt":"2025-11-25T21:16:09","slug":"adriane-galisteu-desabafa-sobre-aparencia-e-diz-ser-vitima-de-preconceito-portal-uai","status":"publish","type":"post","link":"https:\/\/www.europesays.com\/pt\/165184\/","title":{"rendered":"Adriane Galisteu desabafa sobre apar\u00eancia e diz ser v\u00edtima de preconceito &#8211; Portal Uai"},"content":{"rendered":"<ol>\n<li><a href=\"https:\/\/news.google.com\/rss\/articles\/CBMi8AFBVV95cUxNS3hIb2pqN1VjMnVvQkJINjU1ZWdiVlVtVndPZ3NNVHlFcEVCbm5JVlBpNnRGYXNveXRGVmN2WE9jZGNpQ0VKbzFzRjU2cDdQU2QzNHFLR2lYdEYwbEZqQXBwdzYyeEFuOGY3aUFSZmplcnNCYTN1aGhLSzNiZlRGWFp0Q0VmaHhTTmdrd0V5aWpiTE5JeXNjQWpRQ1VDLVRwZzhhQUNlQkVfMjVuZjJMTjBadmZtLTRFZUJEZ2NSNFVVU1FFWmJrbU41N29yUEtXUTJiZ3JLQ2I5QnNLLUdYcHBSbVpHTGc2a3NyZDV6LUXSAfABQVVfeXFMUDZybjdaeFRFZi14MmpPbmw1WU11TmFwRFYtRm1MbWZsV0QwdnVrOWV6b29ZaElna2Y0WTRoT3QtTXMwUkpWNmJ6NVZxRjRSUEJvWWpGeU9NX1Rld2w5TGRfcEtzeHJEVlVrU0JKdGhVbGpnTzAtWFZmTExFaE5wSUxUUWJGUzcybmpJZGE4ZnlxbkNQY2JRX0JVUk54TkNDLTZjNDZ5bV9ReUhPRWZsLXIyUm8wYWlqd3N2REZOb3VCbUpCa2d4MF9kenJ3bXktaVE2RFNvWG1QdnVIZHRJdjZlbHBrcU1SdXZqREVFbDlO?oc=5\" target=\"_blank\" rel=\"nofollow noopener\">Adriane Galisteu desabafa sobre apar\u00eancia e diz ser v\u00edtima de preconceito<\/a>&nbsp;&nbsp;Portal Uai<\/li>\n<li><a href=\"https:\/\/news.google.com\/rss\/articles\/CBMi5gFBVV95cUxQaTFNb3hyWjFGQmZWSEN3LUR1eUZ0Z3UzOFk3RGhwNGxkYjF4N21BdXllTU5oVl96bWxhRlZRUk5qYm0yS0ZfR2liTFd5VGQ0bXlVdkRDWFlmVHVsSFBHNG9DOFVPVmxSVkYwR3lJLXdkSmU0bUVVUnBzWUY0OXI0dUs2YXRDTDVQT3NFRGlfWjhiY0pXWVJPX2xrcC1FMmtBaG45M1pMNHZaWlJOMDVzdEtkbG42cy1Zd3ItMmRmSm1IZlI1RGlmaVVETEdrTjZsdm5oMHM1dWFYay1HeUZkOEJxZkdDUdIB9AFBVV95cUxNbXMxcDZkVkdyejIyN2xmaTlYaTRGTHpNN1BHZ2ZlcC1BZjNqeUhPdHg4bExwM1JrS3lZQ1FaY09Cem1NWVIwSTNMZzcwOHBJMi0tLUExUXc4RmppTjZfa2R3blRlcFpGaGprMlIxMENsMS1HNkpNQzJ0TlJaNXNYai05djJ3MHBTRERqclBTTFAxTlFpeExIcXRFa0tkeFN5UFJSTTVaeTh4d3c2X0E1Sld3ZWNVRlYwczdNWmtLWW02ZnMyNjhfNGxZSVNQT0lZNkd1dGQwZ2RXcG9RVkJ3NkxiY2VYRWlQS2thUUwxbTNmM05B?oc=5\" target=\"_blank\" rel=\"nofollow noopener\">Adriane Galisteu sobre cr\u00edticas ao seu corpo: &#8216;Estou superfeliz com o que olho no espelho&#8217;<\/a>&nbsp;&nbsp;Globo<\/li>\n<li><a href=\"https:\/\/news.google.com\/rss\/articles\/CBMi1gFBVV95cUxNZkh2SW5HSUdwYTFrdDhFTUcyNE1RSFVTS0JEdWJ2SHlTRUdDUFFQRVVHaWU5dWVBVkJ5aWhxa1cyUnNyazk1RXlPeFB4ZUpJWndWWVh1aHVYUkpIVm1FenY0VFBIU3pkOHRGY2MydC05bjlGOFc1cUpzU1pFb1VoZlZKbzB5QWh3MWU3Rm84NzMxVExra2ZxZmw3QmVwX01PajlubkNVQlN5MzVUMzl3eS1BbFpDaEZxTXFnMHdxRUFjRFRLNXVpWTJzQTdJZFE2b0dKNnVB0gHbAUFVX3lxTFBPVWhIVmp6Zk9iRWQ1LVZEeUIzLUFPTG1NWFQ3N0JtU0FWaXJackJ3SmtSSF9FTFRhNVFZOWI3OE5lQXNSVGNCWXptb09QTHNSVUZBNEZoSnBQc3dndm1qbGVZRnNJZ2VYU0hLc04xWnVjbldKYjVTTkl2TWM4T1Nnc0ctTEdyTk1BUGgtOVRTQ2hvRGlGWE9sWXFZOXl5VHN4TDRuS0llN0lhVzc0YmlKV0pwMUpVRGstS0paalNBdWtHR25WME03MXVUZWMyV0EyRUthVXhuMVk1Zw?oc=5\" target=\"_blank\" rel=\"nofollow noopener\">Adriane Galisteu rebate cr\u00edticas ao seu corpo: &#8220;O preconceito sempre me acompanhou&#8221;<\/a>&nbsp;&nbsp;NaTelinha<\/li>\n<li><a href=\"https:\/\/news.google.com\/rss\/articles\/CBMi7AFBVV95cUxOUTZmWHdHSEIyWlNrWGE1VUgtQ1B5MWxCdEYxRHBPc0wtd015Q2NzRU9PUjBBQ3M5NFVpR0JLbElFVmRoaDRHQmxrRjQzWGZORU5KZllVb2dHN2Yzc3BSQk5Kd2VqMGttWDhrdllOcWxHdF9sY09LTlFiX2xDR184Ukg5NVgwcDdFa3dvLWgyUTdTaGQ5RVNIckJqaGlfRExuYlQ2TXNZZmkwS0Fzd3hJWVRrdTdqUWYwNTNDMGh4QUZ4dEZpQUVpckZnVG1lal9lQ3NBMndjSmM5ZVk0bHBxeG9wcGZMZlZGZ3gtSA?oc=5\" target=\"_blank\" rel=\"nofollow noopener\">Adriane Galisteu responde ap\u00f3s ter corpo detonado na web: &#8216;N\u00e3o tem peito&#8217;<\/a>&nbsp;&nbsp;Terra<\/li>\n<li><a href=\"https:\/\/news.google.com\/rss\/articles\/CBMivAFBVV95cUxQN1ptdUFvMFIxdlRwaVB4a0JFQ2YzbG1uYUpBV3RSVGtoWFBJYXhZbmRZbTY3TFZuR2ZPR3FCRE5nbl8wREswMHZkbnVlT0txQm9iZ0g2Qy1Pd0FvV2dWNlcyejc3UXlOUXkteDl1bVkteUJIb0VYVEhsRWJycUtLVDR6dHRMOExBQnVjX2VMdUNTV3l0S1ROdFFXY1NhLU9kbTYxMVNxakc4VVVjMW9kUThqUFlzR1hHd1N2Zg?oc=5\" target=\"_blank\" rel=\"nofollow noopener\">Adriane Galisteu rebate as cr\u00edticas ao corpo: \u2018Estou superfeliz\u2019<\/a>&nbsp;&nbsp;O TEMPO<\/li>\n<\/ol>\n","protected":false},"excerpt":{"rendered":"Adriane Galisteu desabafa sobre apar\u00eancia e diz ser v\u00edtima de preconceito&nbsp;&nbsp;Portal Uai Adriane Galisteu sobre cr\u00edticas ao seu&hellip;\n","protected":false},"author":2,"featured_media":165185,"comment_status":"","ping_status":"","sticky":false,"template":"","format":"standard","meta":{"footnotes":""},"categories":[145],"tags":[211,210,114,115,32,33],"class_list":{"0":"post-165184","1":"post","2":"type-post","3":"status-publish","4":"format-standard","5":"has-post-thumbnail","7":"category-celebridades","8":"tag-celebridades","9":"tag-celebrities","10":"tag-entertainment","11":"tag-entretenimento","12":"tag-portugal","13":"tag-pt"},"share_on_mastodon":{"url":"https:\/\/pubeurope.com\/@pt\/115612416967893683","error":""},"_links":{"self":[{"href":"https:\/\/www.europesays.com\/pt\/wp-json\/wp\/v2\/posts\/165184","targetHints":{"allow":["GET"]}}],"collection":[{"href":"https:\/\/www.europesays.com\/pt\/wp-json\/wp\/v2\/posts"}],"about":[{"href":"https:\/\/www.europesays.com\/pt\/wp-json\/wp\/v2\/types\/post"}],"author":[{"embeddable":true,"href":"https:\/\/www.europesays.com\/pt\/wp-json\/wp\/v2\/users\/2"}],"replies":[{"embeddable":true,"href":"https:\/\/www.europesays.com\/pt\/wp-json\/wp\/v2\/comments?post=165184"}],"version-history":[{"count":0,"href":"https:\/\/www.europesays.com\/pt\/wp-json\/wp\/v2\/posts\/165184\/revisions"}],"wp:featuredmedia":[{"embeddable":true,"href":"https:\/\/www.europesays.com\/pt\/wp-json\/wp\/v2\/media\/165185"}],"wp:attachment":[{"href":"https:\/\/www.europesays.com\/pt\/wp-json\/wp\/v2\/media?parent=165184"}],"wp:term":[{"taxonomy":"category","embeddable":true,"href":"https:\/\/www.europesays.com\/pt\/wp-json\/wp\/v2\/categories?post=165184"},{"taxonomy":"post_tag","embeddable":true,"href":"https:\/\/www.europesays.com\/pt\/wp-json\/wp\/v2\/tags?post=165184"}],"curies":[{"name":"wp","href":"https:\/\/api.w.org\/{rel}","templated":true}]}}