{"id":165187,"date":"2025-11-25T21:21:30","date_gmt":"2025-11-25T21:21:30","guid":{"rendered":"https:\/\/www.europesays.com\/pt\/165187\/"},"modified":"2025-11-25T21:21:30","modified_gmt":"2025-11-25T21:21:30","slug":"moana-confira-primeiro-teaser-do-live-action-da-disney","status":"publish","type":"post","link":"https:\/\/www.europesays.com\/pt\/165187\/","title":{"rendered":"\u201cMoana\u201d: confira primeiro teaser do live-action da Disney"},"content":{"rendered":"<p>A Disney acaba de divulgar o primeiro teaser do live-action de \u201cMoana\u201d reacendendo o entusiasmo dos f\u00e3s que aguardavam uma nova leitura da aventura que conquistou o mundo em 2016. A pr\u00e9via apresenta Catherine Laga\u02bbaia no papel da jovem navegadora, que embarca em uma miss\u00e3o para salvar seu povo.\u00a0<\/p>\n<p>Logo nos primeiros segundos, o v\u00eddeo mostra Moana em sintonia com o oceano e deixando pistas de que a jornada \u00e9pica ser\u00e1 recriada com o mesmo esp\u00edrito da vers\u00e3o original. A trama permanece fiel ao enredo que marcou a protagonista: determinada e guiada por um profundo senso de responsabilidade, a adolescente Moana parte em busca de respostas enquanto aprende a se tornar uma mestre em encontrar caminhos.\u00a0<\/p>\n<p>No meio da aventura, ela reencontra um velho conhecido dos f\u00e3s. O ator Dwayne \u201cThe Rock\u201d Johnson retorna como o semideus Maui, agora em vers\u00e3o live-action, trazendo de volta o carisma que tornou o personagem um dos mais queridos da hist\u00f3ria. The Rock foi respons\u00e1vel por dublar Maui e voltou para interpretar o personagem. J\u00e1 a atriz Auli\u2019i Cravalho, atriz respons\u00e1vel por dublar Moana, precisou se afastar da produ\u00e7\u00e3o considerando que agora j\u00e1 tem 24 anos.<\/p>\n<p>O filme, dirigido por Thomas Kail, aposta em uma combina\u00e7\u00e3o de grandiosidade visual e respeito \u00e0s ra\u00edzes culturais que inspiraram a narrativa. Elementos cl\u00e1ssicos, como os cen\u00e1rios iluminados do Pac\u00edfico, as can\u00e7\u00f5es emocionantes e at\u00e9 o encontro com criaturas ic\u00f4nicas, aparecem na pr\u00e9via como sinais de que a Disney pretende equilibrar nostalgia e renova\u00e7\u00e3o.<\/p>\n<p>A nova vers\u00e3o tem lan\u00e7amento previsto no pa\u00eds para 09 de julho nos cinemas. Com o impacto do teaser, a expectativa \u00e9 de que Moana retorne ao centro das conversas nas pr\u00f3ximas semanas, especialmente entre f\u00e3s que aguardam para ver como a magia da anima\u00e7\u00e3o ser\u00e1 traduzida para o mundo real.<\/p>\n<p><strong>Confira o teaser:<\/strong><\/p>\n","protected":false},"excerpt":{"rendered":"A Disney acaba de divulgar o primeiro teaser do live-action de \u201cMoana\u201d reacendendo o entusiasmo dos f\u00e3s que&hellip;\n","protected":false},"author":2,"featured_media":165188,"comment_status":"","ping_status":"","sticky":false,"template":"","format":"standard","meta":{"footnotes":""},"categories":[140],"tags":[470,1579,114,115,147,148,34969,146,32,33],"class_list":{"0":"post-165187","1":"post","2":"type-post","3":"status-publish","4":"format-standard","5":"has-post-thumbnail","7":"category-filmes","8":"tag-cinema","9":"tag-disney","10":"tag-entertainment","11":"tag-entretenimento","12":"tag-film","13":"tag-filmes","14":"tag-moana","15":"tag-movies","16":"tag-portugal","17":"tag-pt"},"share_on_mastodon":{"url":"https:\/\/pubeurope.com\/@pt\/115612436609230184","error":""},"_links":{"self":[{"href":"https:\/\/www.europesays.com\/pt\/wp-json\/wp\/v2\/posts\/165187","targetHints":{"allow":["GET"]}}],"collection":[{"href":"https:\/\/www.europesays.com\/pt\/wp-json\/wp\/v2\/posts"}],"about":[{"href":"https:\/\/www.europesays.com\/pt\/wp-json\/wp\/v2\/types\/post"}],"author":[{"embeddable":true,"href":"https:\/\/www.europesays.com\/pt\/wp-json\/wp\/v2\/users\/2"}],"replies":[{"embeddable":true,"href":"https:\/\/www.europesays.com\/pt\/wp-json\/wp\/v2\/comments?post=165187"}],"version-history":[{"count":0,"href":"https:\/\/www.europesays.com\/pt\/wp-json\/wp\/v2\/posts\/165187\/revisions"}],"wp:featuredmedia":[{"embeddable":true,"href":"https:\/\/www.europesays.com\/pt\/wp-json\/wp\/v2\/media\/165188"}],"wp:attachment":[{"href":"https:\/\/www.europesays.com\/pt\/wp-json\/wp\/v2\/media?parent=165187"}],"wp:term":[{"taxonomy":"category","embeddable":true,"href":"https:\/\/www.europesays.com\/pt\/wp-json\/wp\/v2\/categories?post=165187"},{"taxonomy":"post_tag","embeddable":true,"href":"https:\/\/www.europesays.com\/pt\/wp-json\/wp\/v2\/tags?post=165187"}],"curies":[{"name":"wp","href":"https:\/\/api.w.org\/{rel}","templated":true}]}}