{"id":165190,"date":"2025-11-25T21:35:25","date_gmt":"2025-11-25T21:35:25","guid":{"rendered":"https:\/\/www.europesays.com\/pt\/165190\/"},"modified":"2025-11-25T21:35:25","modified_gmt":"2025-11-25T21:35:25","slug":"influenciadora-juju-do-pix-passara-por-nova-cirurgia-para-retirar-oleo-mineral-do-rosto","status":"publish","type":"post","link":"https:\/\/www.europesays.com\/pt\/165190\/","title":{"rendered":"Influenciadora Juju do Pix passar\u00e1 por nova cirurgia para retirar \u00f3leo mineral do rosto"},"content":{"rendered":"\n<p>Conhecida como Juju do Pix, a influenciadora trans Juju Oliveira passar\u00e1 por mais uma cirurgia reconstrutora para retirar o \u00f3leo mineral de seu rosto. Na \u00faltima quinta-feira, 20, ela realizou no Hospital Indian\u00f3polis, em S\u00e3o Paulo, a primeira etapa da t\u00e3o aguardada reconstitui\u00e7\u00e3o facial.<\/p>\n<p>O procedimento inicial durou cerca de quatro horas e meia e marcou o come\u00e7o do processo. Na segunda etapa, ap\u00f3s a recupera\u00e7\u00e3o do tecido e a avalia\u00e7\u00e3o da equipe m\u00e9dica sobre a resposta do organismo, ser\u00e1 poss\u00edvel remover uma quantidade maior do produto, aprimorando o resultado.<\/p>\n<p>&#8220;Foi uma cirurgia dif\u00edcil. Vamos retirar um pouco da papada. Agora precisamos esperar para ver como ser\u00e1 a cicatriza\u00e7\u00e3o, para ent\u00e3o continuar removendo mais. Mas, neste primeiro momento, n\u00e3o \u00e9 poss\u00edvel tirar tudo, sen\u00e3o a pele pode abrir e evoluir para necrose\u201d, explicou o m\u00e9dico Thiago Marra, respons\u00e1vel pela cirurgia de Juju.<\/p>\n<p>A expectativa \u00e9 que o aspecto facial melhore gradualmente com a retirada do \u00f3leo mineral. O resultado definitivo deve aparecer entre seis meses e um ano. As primeiras imagens ap\u00f3s a cirurgia foram divulgadas pelo m\u00e9dico respons\u00e1vel. Juju convive com o \u00f3leo industrial no rosto desde 2017.<\/p>\n<p>Na \u00faltima quinta-feira, 20, Marra publicou parte do resultado e deu detalhes da cirurgia:<\/p>\n<p>&#8220;Tudo saiu exatamente como planejado no pr\u00e9-operat\u00f3rio. Fizemos um procedimento conservador, como combinado, mas ainda assim conseguimos retirar muita pele e tecido. O tecido estava duro, enrijecido, totalmente impregnado por \u00f3leo mineral. Fizemos um deslocamento cuidadoso e seguro&#8221;.<\/p>\n<p>O profissional explicou que, neste momento, foi retirado o m\u00e1ximo de pele dentro das condi\u00e7\u00f5es de seguran\u00e7a. Em uma segunda etapa, ser\u00e1 retirado mais quantidade de tecido e melhorar o resultado.<\/p>\n<p>Marra, que se descreve nas redes sociais como p\u00f3s-graduado em cirurgia pl\u00e1stica, contou com o apoio dos m\u00e9dicos Alexandre Algarve e Alexandre Rezende para realizar o procedimento. O primeiro, afirmou que o caso de Juju n\u00e3o \u00e9 simples e \u00e9 um dos mais delicados que sua equipe j\u00e1 viu. Ele tamb\u00e9m publicou uma pr\u00e9via de como o rosto da influenciadora ficar\u00e1 ap\u00f3s todas as interven\u00e7\u00f5es.<\/p>\n<p>Thiago contou que a cirurgia n\u00e3o teve nenhum custo para Juju. Em 2021, ela chegou a arrecadar R$ 20 mil para realizar o procedimento ap\u00f3s abrir uma vaquinha virtual, mas acabou doando o valor. Agora, Juju deseja voltar ao mercado de trabalho, segundo contou ao m\u00e9dico.<\/p>\n<p>&#8220;A Juju do Pix \u00e9, antes de tudo, uma comediante. E. Ela \u00e9 engra\u00e7ada por natureza, faz a gente rir, traz leveza\u2026 e isso \u00e9 o trabalho dela. Mas o fato de ser comediante n\u00e3o d\u00e1 direito a ningu\u00e9m de ofender. Independente da apar\u00eancia f\u00edsica, que amanh\u00e3, se Deus quiser, vamos melhorar, ela merece respeito&#8221;.<\/p>\n<p>Em um v\u00eddeo publicado pela equipe m\u00e9dica logo ap\u00f3s a cirurgia, Juju d\u00e1 um depoimento logo ap\u00f3s o procedimento. &#8220;Estou muito feliz, sem dor, n\u00e3o estou tonta&#8221;, disse ela, agradecendo o m\u00e9dico respons\u00e1vel<\/p>\n","protected":false},"excerpt":{"rendered":"Conhecida como Juju do Pix, a influenciadora trans Juju Oliveira passar\u00e1 por mais uma cirurgia reconstrutora para retirar&hellip;\n","protected":false},"author":2,"featured_media":165191,"comment_status":"","ping_status":"","sticky":false,"template":"","format":"standard","meta":{"footnotes":""},"categories":[145],"tags":[211,210,5953,114,115,5228,34971,11649,18150,34970,32,33,31312],"class_list":{"0":"post-165190","1":"post","2":"type-post","3":"status-publish","4":"format-standard","5":"has-post-thumbnail","7":"category-celebridades","8":"tag-celebridades","9":"tag-celebrities","10":"tag-cirurgia","11":"tag-entertainment","12":"tag-entretenimento","13":"tag-influenciadora","14":"tag-juju-do-pix","15":"tag-nova","16":"tag-oleo","17":"tag-passara","18":"tag-portugal","19":"tag-pt","20":"tag-retirar"},"share_on_mastodon":{"url":"https:\/\/pubeurope.com\/@pt\/115612491655856982","error":""},"_links":{"self":[{"href":"https:\/\/www.europesays.com\/pt\/wp-json\/wp\/v2\/posts\/165190","targetHints":{"allow":["GET"]}}],"collection":[{"href":"https:\/\/www.europesays.com\/pt\/wp-json\/wp\/v2\/posts"}],"about":[{"href":"https:\/\/www.europesays.com\/pt\/wp-json\/wp\/v2\/types\/post"}],"author":[{"embeddable":true,"href":"https:\/\/www.europesays.com\/pt\/wp-json\/wp\/v2\/users\/2"}],"replies":[{"embeddable":true,"href":"https:\/\/www.europesays.com\/pt\/wp-json\/wp\/v2\/comments?post=165190"}],"version-history":[{"count":0,"href":"https:\/\/www.europesays.com\/pt\/wp-json\/wp\/v2\/posts\/165190\/revisions"}],"wp:featuredmedia":[{"embeddable":true,"href":"https:\/\/www.europesays.com\/pt\/wp-json\/wp\/v2\/media\/165191"}],"wp:attachment":[{"href":"https:\/\/www.europesays.com\/pt\/wp-json\/wp\/v2\/media?parent=165190"}],"wp:term":[{"taxonomy":"category","embeddable":true,"href":"https:\/\/www.europesays.com\/pt\/wp-json\/wp\/v2\/categories?post=165190"},{"taxonomy":"post_tag","embeddable":true,"href":"https:\/\/www.europesays.com\/pt\/wp-json\/wp\/v2\/tags?post=165190"}],"curies":[{"name":"wp","href":"https:\/\/api.w.org\/{rel}","templated":true}]}}