{"id":165228,"date":"2025-11-25T22:27:10","date_gmt":"2025-11-25T22:27:10","guid":{"rendered":"https:\/\/www.europesays.com\/pt\/165228\/"},"modified":"2025-11-25T22:27:10","modified_gmt":"2025-11-25T22:27:10","slug":"bruxelas-alerta-que-crise-habitacional-cria-novos-desafios-sociais-em-portugal","status":"publish","type":"post","link":"https:\/\/www.europesays.com\/pt\/165228\/","title":{"rendered":"Bruxelas alerta que crise habitacional cria \u201cnovos desafios\u201d sociais em Portugal"},"content":{"rendered":"<p>        \u201cApesar de algumas melhorias, a efic\u00e1cia do sistema de prote\u00e7\u00e3o social em atenuar os riscos de pobreza e reduzir desigualdades continua baixa, e surgiram novos desafios no setor da habita\u00e7\u00e3o\u201d, indica o executivo comunit\u00e1rio, num relat\u00f3rio sobre a dimens\u00e3o social e emprego, hoje divulgado no \u00e2mbito do pacote de outono do Semestre Europeu.    <\/p>\n<p>A Comiss\u00e3o Europeia alertou hoje para \u201cnovos desafios\u201d relacionados com a crise habitacional que aumentam os riscos de pobreza e de desigualdade social em Portugal, dado haver mais pessoas com encargos excessivos de habita\u00e7\u00e3o.<\/p>\n<p class=\"text-paragraph\">\u201cApesar de algumas melhorias, a efic\u00e1cia do sistema de prote\u00e7\u00e3o social em atenuar os riscos de pobreza e reduzir desigualdades continua baixa, e surgiram novos desafios no setor da habita\u00e7\u00e3o\u201d, indica o executivo comunit\u00e1rio, num relat\u00f3rio sobre a dimens\u00e3o social e emprego, hoje divulgado no \u00e2mbito do pacote de outono do Semestre Europeu.<\/p>\n<p class=\"text-paragraph\">Em concreto, de acordo com Bruxelas, no ano passado a propor\u00e7\u00e3o da popula\u00e7\u00e3o com encargos excessivos de habita\u00e7\u00e3o em Portugal foi de 6,9%, ainda abaixo da m\u00e9dia comunit\u00e1ria de 8,2%, mas um dos maiores aumentos da Uni\u00e3o Europeia (UE), de dois pontos percentuais.<\/p>\n<p class=\"text-paragraph\">Esta \u00e9, assim, \u201cum indicador a acompanhar\u201d, adianta a institui\u00e7\u00e3o, justificando-o com \u201caumento cont\u00ednuo dos pre\u00e7os da habita\u00e7\u00e3o e das rendas nos \u00faltimos anos\u201d.<\/p>\n<p class=\"text-paragraph\">Portugal \u00e9 um dos pa\u00edses da UE que tem vindo a registar taxas de crescimento anuais de dois d\u00edgitos nos pre\u00e7os das casas, impulsionadas por uma forte procura e por uma oferta limitada.<\/p>\n<p class=\"text-paragraph\">Devido \u00e0 acentuada crise habitacional na UE, a Comiss\u00e3o Europeia vai apresentar, em meados de dezembro, um Plano Europeu para a Habita\u00e7\u00e3o Acess\u00edvel destinado a complementar as pol\u00edticas habitacionais ao n\u00edvel nacional, regional e local, mas mantendo o princ\u00edpio da subsidiariedade, j\u00e1 que esta \u00e9 uma compet\u00eancia dos Estados-membros.<\/p>\n<p class=\"text-paragraph\">Para 16 de dezembro, est\u00e1 prevista a apresenta\u00e7\u00e3o deste pacote europeu sobre a habita\u00e7\u00e3o, que inclui um plano da UE para a habita\u00e7\u00e3o acess\u00edvel, uma proposta para revis\u00e3o das regras de aux\u00edlios estatais relativas aos servi\u00e7os de interesse econ\u00f3mico geral, um novo programa Bauhaus europeu e uma nova estrat\u00e9gia para a constru\u00e7\u00e3o habitacional.<\/p>\n<p class=\"text-paragraph\">O plano vai assim incluir financiamento, ajudas estatais e limites ao alojamento local.<\/p>\n<p class=\"text-paragraph\">A Uni\u00e3o Europeia enfrenta uma crise de habita\u00e7\u00e3o, em pa\u00edses como Portugal, onde os pre\u00e7os das casas e das rendas t\u00eam aumentado significativamente, tornando dif\u00edcil chegar \u00e0 habita\u00e7\u00e3o acess\u00edvel, especialmente para jovens e fam\u00edlias de baixos rendimentos.<\/p>\n<p class=\"text-paragraph\">Estima-se que, na UE, mais de uma em cada quatro pessoas entre os 15 e os 29 anos vivam em condi\u00e7\u00f5es de sobrelota\u00e7\u00e3o, com grande parte dos jovens europeus a deixar a casa dos pais perto ou depois dos 30 porque n\u00e3o conseguem pagar uma casa pr\u00f3pria.<\/p>\n<p class=\"text-paragraph\">Em 2023, cerca de um em cada 10 europeus gastava 40% ou mais do seu rendimento em habita\u00e7\u00e3o e custos conexos.<\/p>\n","protected":false},"excerpt":{"rendered":"\u201cApesar de algumas melhorias, a efic\u00e1cia do sistema de prote\u00e7\u00e3o social em atenuar os riscos de pobreza e&hellip;\n","protected":false},"author":2,"featured_media":165229,"comment_status":"","ping_status":"","sticky":false,"template":"","format":"standard","meta":{"footnotes":""},"categories":[83],"tags":[88,89,90,32,33],"class_list":{"0":"post-165228","1":"post","2":"type-post","3":"status-publish","4":"format-standard","5":"has-post-thumbnail","7":"category-empresas","8":"tag-business","9":"tag-economy","10":"tag-empresas","11":"tag-portugal","12":"tag-pt"},"share_on_mastodon":{"url":"https:\/\/pubeurope.com\/@pt\/115612696199544276","error":""},"_links":{"self":[{"href":"https:\/\/www.europesays.com\/pt\/wp-json\/wp\/v2\/posts\/165228","targetHints":{"allow":["GET"]}}],"collection":[{"href":"https:\/\/www.europesays.com\/pt\/wp-json\/wp\/v2\/posts"}],"about":[{"href":"https:\/\/www.europesays.com\/pt\/wp-json\/wp\/v2\/types\/post"}],"author":[{"embeddable":true,"href":"https:\/\/www.europesays.com\/pt\/wp-json\/wp\/v2\/users\/2"}],"replies":[{"embeddable":true,"href":"https:\/\/www.europesays.com\/pt\/wp-json\/wp\/v2\/comments?post=165228"}],"version-history":[{"count":0,"href":"https:\/\/www.europesays.com\/pt\/wp-json\/wp\/v2\/posts\/165228\/revisions"}],"wp:featuredmedia":[{"embeddable":true,"href":"https:\/\/www.europesays.com\/pt\/wp-json\/wp\/v2\/media\/165229"}],"wp:attachment":[{"href":"https:\/\/www.europesays.com\/pt\/wp-json\/wp\/v2\/media?parent=165228"}],"wp:term":[{"taxonomy":"category","embeddable":true,"href":"https:\/\/www.europesays.com\/pt\/wp-json\/wp\/v2\/categories?post=165228"},{"taxonomy":"post_tag","embeddable":true,"href":"https:\/\/www.europesays.com\/pt\/wp-json\/wp\/v2\/tags?post=165228"}],"curies":[{"name":"wp","href":"https:\/\/api.w.org\/{rel}","templated":true}]}}