{"id":165256,"date":"2025-11-25T22:58:27","date_gmt":"2025-11-25T22:58:27","guid":{"rendered":"https:\/\/www.europesays.com\/pt\/165256\/"},"modified":"2025-11-25T22:58:27","modified_gmt":"2025-11-25T22:58:27","slug":"sociedades-apresentam-queixa-contra-manuel-pinto-coelho-observador","status":"publish","type":"post","link":"https:\/\/www.europesays.com\/pt\/165256\/","title":{"rendered":"Sociedades apresentam queixa contra Manuel Pinto Coelho \u2013 Observador"},"content":{"rendered":"<p>Tr\u00eas sociedades m\u00e9dicas v\u00e3o apresentar queixa na Ordem dos M\u00e9dicos contra o m\u00e9dico Manuel Pinto Coelho, que considera o colesterol um \u201caliado\u201d e nega a efic\u00e1cia das estatinas, e pedem aos doentes para n\u00e3o abandonarem a medica\u00e7\u00e3o.<\/p>\n<p>Numa nota conjunta enviada \u00e0 ag\u00eancia Lusa a prop\u00f3sito de <a href=\"https:\/\/tvi.iol.pt\/noticias\/colesterol\/avc\/o-acucar-e-o-vilao-que-explica-a-pandemia-de-enfartes-e-avc-novo-livro-de-manuel-pinto-coelho-declara-o-colesterol-um-aliado-da-qualidade-de-vida\/20251122\/69231e3ad34e2bd5c6d45044\" rel=\"nofollow noopener\" target=\"_blank\">uma reportagem emitida pela TVI<\/a> no passado s\u00e1bado que aborda o novo livro de Manuel Pinto Coelho, as sociedades cient\u00edficas de Cardiologia, Aterosclerose e Hipertens\u00e3o advertem que apresentar estas opini\u00f5es como um \u201coutro lado leg\u00edtimo\u201d da medicina configura \u201cum risco de Sa\u00fade P\u00fablica\u201d.<\/p>\n<p>Lembram que as doen\u00e7as cardio e cerebrovasculares s\u00e3o respons\u00e1veis por 26% das mortes em Portugal, sendo que 80% poderiam ser evitadas com a ado\u00e7\u00e3o de estilos de vida saud\u00e1veis e a ades\u00e3o a medidas terap\u00eauticas preventivas, onde se incluem os medicamentos que baixam o colesterol (grupo do qual as estatinas fazem parte).<\/p>\n<p>Dizem ainda que promover \u201cteorias pseudocient\u00edficas\u201d que negam o papel do colesterol nas doen\u00e7as cardiovasculares \u2014 \u00a0\u201cuma das bases fundacionais do tratamento dos doentes p\u00f3s-enfarte e p\u00f3s-AVC [Acidente Vascular Cerebral]\u201d \u2014 pode levar \u00e0 suspens\u00e3o de terap\u00eauticas e \u00e0 promo\u00e7\u00e3o de novos eventos cardiovasculares.<\/p>\n<p>\u201cEste \u00e9 um efeito nefasto que est\u00e1 amplamente demonstrado nestas situa\u00e7\u00f5es\u201d, referem a Sociedade Portuguesa de Cardiologia (SPC), a Sociedade Portuguesa de Aterosclerose (SPA) e a Sociedade Portuguesa de Hipertens\u00e3o (SPH), num comunicado conjunto.<\/p>\n<p>Sublinham que <strong>\u201ca ci\u00eancia n\u00e3o se faz por sondagem, opini\u00e3o ou palpites\u201d, mas sim com evid\u00eancia, que dizem ser inequ\u00edvoca quanto ao risco de ter colesterol elevado<\/strong>. \u201cExistem j\u00e1 enormes problemas de ades\u00e3o terap\u00eautica que custam anualmente milhares de vidas\u201d, alertam.<\/p>\n<p>As sociedades cient\u00edficas refutam as posi\u00e7\u00f5es transmitidas pelo m\u00e9dico Manuel Pinto Coelho sobre o colesterol, esclarecendo que todas as grandes ag\u00eancias mundiais \u2014 Organiza\u00e7\u00e3o Mundial da Sa\u00fade, Sociedade Europeia de Cardiologia e a American Heart Association \u2014 \u201cconfirmam o colesterol LDL como causa direta de aterosclerose\u201d.<\/p>\n<p>\u201cO perigo \u00e9 real: a interrup\u00e7\u00e3o de estatinas, motivada por not\u00edcias pseudocient\u00edficas, est\u00e1 estatisticamente associada a um aumento imediato de enfartes e AVC\u2019s\u201d, afirmam as sociedades m\u00e9dicas, insistindo que \u201cdar o mesmo peso a um consenso cient\u00edfico com mais de 50 anos e a uma opini\u00e3o sem base cient\u00edfica cria uma falsa d\u00favida no cidad\u00e3o\u201d.<\/p>\n<p>Apelam ainda \u00e0 popula\u00e7\u00e3o que n\u00e3o pare a medica\u00e7\u00e3o sem consultar o seu m\u00e9dico assistente, pois s\u00f3 ele pode avaliar a rela\u00e7\u00e3o risco-benef\u00edcio dos f\u00e1rmacos que prescreveu ao doente, insistindo: \u201cA desinforma\u00e7\u00e3o mata tanto como a doen\u00e7a\u201d.<\/p>\n<p>A SPC, a SPA e a SPH anunciam ainda que v\u00e3o remeter uma queixa formal ao Conselho Disciplinar da Ordem dos M\u00e9dicos, solicitando \u201ca reposi\u00e7\u00e3o da verdade cient\u00edfica\u201d.<\/p>\n","protected":false},"excerpt":{"rendered":"Tr\u00eas sociedades m\u00e9dicas v\u00e3o apresentar queixa na Ordem dos M\u00e9dicos contra o m\u00e9dico Manuel Pinto Coelho, que considera&hellip;\n","protected":false},"author":2,"featured_media":165257,"comment_status":"","ping_status":"","sticky":false,"template":"","format":"standard","meta":{"footnotes":""},"categories":[10],"tags":[27,28,6727,13605,15076,15,16,14,25,26,21,22,3083,11277,12,13,19,20,34976,57,32,23,24,33,2946,58,17,18,29,30,31],"class_list":{"0":"post-165256","1":"post","2":"type-post","3":"status-publish","4":"format-standard","5":"has-post-thumbnail","7":"category-portugal","8":"tag-breaking-news","9":"tag-breakingnews","10":"tag-doenu00e7as","11":"tag-doenu00e7as-cardiovasculares","12":"tag-farmu00e1cias","13":"tag-featured-news","14":"tag-featurednews","15":"tag-headlines","16":"tag-latest-news","17":"tag-latestnews","18":"tag-main-news","19":"tag-mainnews","20":"tag-medicamentos","21":"tag-mu00e9dicos","22":"tag-news","23":"tag-noticias","24":"tag-noticias-principais","25":"tag-noticiasprincipais","26":"tag-ordem-dos-mu00e9dicos","27":"tag-pau00eds","28":"tag-portugal","29":"tag-principais-noticias","30":"tag-principaisnoticias","31":"tag-pt","32":"tag-sau00fade","33":"tag-sociedade","34":"tag-top-stories","35":"tag-topstories","36":"tag-ultimas","37":"tag-ultimas-noticias","38":"tag-ultimasnoticias"},"share_on_mastodon":{"url":"","error":"Validation failed: Text character limit of 500 exceeded"},"_links":{"self":[{"href":"https:\/\/www.europesays.com\/pt\/wp-json\/wp\/v2\/posts\/165256","targetHints":{"allow":["GET"]}}],"collection":[{"href":"https:\/\/www.europesays.com\/pt\/wp-json\/wp\/v2\/posts"}],"about":[{"href":"https:\/\/www.europesays.com\/pt\/wp-json\/wp\/v2\/types\/post"}],"author":[{"embeddable":true,"href":"https:\/\/www.europesays.com\/pt\/wp-json\/wp\/v2\/users\/2"}],"replies":[{"embeddable":true,"href":"https:\/\/www.europesays.com\/pt\/wp-json\/wp\/v2\/comments?post=165256"}],"version-history":[{"count":0,"href":"https:\/\/www.europesays.com\/pt\/wp-json\/wp\/v2\/posts\/165256\/revisions"}],"wp:featuredmedia":[{"embeddable":true,"href":"https:\/\/www.europesays.com\/pt\/wp-json\/wp\/v2\/media\/165257"}],"wp:attachment":[{"href":"https:\/\/www.europesays.com\/pt\/wp-json\/wp\/v2\/media?parent=165256"}],"wp:term":[{"taxonomy":"category","embeddable":true,"href":"https:\/\/www.europesays.com\/pt\/wp-json\/wp\/v2\/categories?post=165256"},{"taxonomy":"post_tag","embeddable":true,"href":"https:\/\/www.europesays.com\/pt\/wp-json\/wp\/v2\/tags?post=165256"}],"curies":[{"name":"wp","href":"https:\/\/api.w.org\/{rel}","templated":true}]}}