{"id":165270,"date":"2025-11-25T23:12:12","date_gmt":"2025-11-25T23:12:12","guid":{"rendered":"https:\/\/www.europesays.com\/pt\/165270\/"},"modified":"2025-11-25T23:12:12","modified_gmt":"2025-11-25T23:12:12","slug":"morreu-a-tartaruga-avo-do-jardim-zoologico-de-san-diego-aos-141-anos","status":"publish","type":"post","link":"https:\/\/www.europesays.com\/pt\/165270\/","title":{"rendered":"Morreu a tartaruga &#8216;Av\u00f3&#8217; do Jardim Zool\u00f3gico de San Diego aos 141 anos"},"content":{"rendered":"<p class=\"category\"><a href=\"https:\/\/sicnoticias.pt\/especiais\/mundo-dos-animais\" rel=\"nofollow noopener\" target=\"_blank\">Mundo dos Animais<\/a><\/p>\n<p class=\"g-article-lead lead\" data-field=\"lead\">&#8216;Gramma&#8217; sofria de problemas \u00f3sseos relacionados com a idade avan\u00e7ada, que se agravaram recentemente antes de ser abatida, informa o zool\u00f3gico norte-americano. O r\u00e9ptil anf\u00edbio viveu, por exemplo, durante as duas guerras mundiais e os mandatos de 20 Presidentes dos EUA.<\/p>\n<p><img decoding=\"async\" src=\"https:\/\/www.europesays.com\/pt\/wp-content\/uploads\/2025\/11\/1764112331_505_original.webp\" alt=\"Morreu a tartaruga 'Av\u00f3' do Jardim Zool\u00f3gico de San Diego aos 141 anos\"\/><\/p>\n<p>Don Bartletti<\/p>\n<p><strong>Morreu, ap\u00f3s mais de um s\u00e9culo de vida, a tartaruga &#8216;Gramma&#8217; (av\u00f3, em ingl\u00eas), assim era conhecida, das Gal\u00e1pagos, a residente mais velha do <\/strong><a href=\"https:\/\/zoo.sandiegozoo.org\/#\" target=\"_blank\" rel=\"noopener noreferrer nofollow\">Jardim Zool\u00f3gico de San Diego<\/a><strong>, nos Estados Unidos da Am\u00e9rica.<\/strong><\/p>\n<p>A tartaruga, que tinha cerca de 141 anos, segundo estimativas dos respons\u00e1veis do jardim zool\u00f3gico, morreu no dia 20 de novembro.<\/p>\n<p>N\u00e3o se sabe ao certo o ano em que a tartaruga chegou ao zoo de San Diego, mas v\u00e1rios funcion\u00e1rios relatam que veio do Jardim Zool\u00f3gico do Bronx, em 1928 ou 1931, como parte do primeiro grupo de tartarugas das Gal\u00e1pagos que chegou ao local.<\/p>\n<p>O <strong>r\u00e9ptil anf\u00edbio viveu, por exemplo, durante as duas guerras mundiais<\/strong> e os mandatos de 20 Presidentes dos EUA.<\/p>\n<p>Os seus cuidadores chamavam-na carinhosamente de &#8220;a rainha do zool\u00f3gico&#8221;.<\/p>\n<p>&#8216;Gramma&#8217; sofria de problemas \u00f3sseos relacionados com a idade avan\u00e7ada, que se agravaram recentemente antes de ser abatida, informou o zool\u00f3gico.<\/p>\n<p>As <strong>tartarugas das Gal\u00e1pagos podem viver mais de 100 anos na natureza <\/strong>e quase o dobro em cativeiro.<\/p>\n<p>As tartarugas de Gal\u00e1pagos incluem 15 subesp\u00e9cies de tartarugas das ilhas, tr\u00eas das quais foram consideradas extintas.<\/p>\n","protected":false},"excerpt":{"rendered":"Mundo dos Animais &#8216;Gramma&#8217; sofria de problemas \u00f3sseos relacionados com a idade avan\u00e7ada, que se agravaram recentemente antes&hellip;\n","protected":false},"author":2,"featured_media":165271,"comment_status":"","ping_status":"","sticky":false,"template":"","format":"standard","meta":{"footnotes":""},"categories":[50],"tags":[27,28,15,16,14,25,26,21,22,62,12,13,19,20,23,24,17,18,29,30,31,63,64,65],"class_list":{"0":"post-165270","1":"post","2":"type-post","3":"status-publish","4":"format-standard","5":"has-post-thumbnail","7":"category-mundo","8":"tag-breaking-news","9":"tag-breakingnews","10":"tag-featured-news","11":"tag-featurednews","12":"tag-headlines","13":"tag-latest-news","14":"tag-latestnews","15":"tag-main-news","16":"tag-mainnews","17":"tag-mundo","18":"tag-news","19":"tag-noticias","20":"tag-noticias-principais","21":"tag-noticiasprincipais","22":"tag-principais-noticias","23":"tag-principaisnoticias","24":"tag-top-stories","25":"tag-topstories","26":"tag-ultimas","27":"tag-ultimas-noticias","28":"tag-ultimasnoticias","29":"tag-world","30":"tag-world-news","31":"tag-worldnews"},"share_on_mastodon":{"url":"https:\/\/pubeurope.com\/@pt\/115612873435620486","error":""},"_links":{"self":[{"href":"https:\/\/www.europesays.com\/pt\/wp-json\/wp\/v2\/posts\/165270","targetHints":{"allow":["GET"]}}],"collection":[{"href":"https:\/\/www.europesays.com\/pt\/wp-json\/wp\/v2\/posts"}],"about":[{"href":"https:\/\/www.europesays.com\/pt\/wp-json\/wp\/v2\/types\/post"}],"author":[{"embeddable":true,"href":"https:\/\/www.europesays.com\/pt\/wp-json\/wp\/v2\/users\/2"}],"replies":[{"embeddable":true,"href":"https:\/\/www.europesays.com\/pt\/wp-json\/wp\/v2\/comments?post=165270"}],"version-history":[{"count":0,"href":"https:\/\/www.europesays.com\/pt\/wp-json\/wp\/v2\/posts\/165270\/revisions"}],"wp:featuredmedia":[{"embeddable":true,"href":"https:\/\/www.europesays.com\/pt\/wp-json\/wp\/v2\/media\/165271"}],"wp:attachment":[{"href":"https:\/\/www.europesays.com\/pt\/wp-json\/wp\/v2\/media?parent=165270"}],"wp:term":[{"taxonomy":"category","embeddable":true,"href":"https:\/\/www.europesays.com\/pt\/wp-json\/wp\/v2\/categories?post=165270"},{"taxonomy":"post_tag","embeddable":true,"href":"https:\/\/www.europesays.com\/pt\/wp-json\/wp\/v2\/tags?post=165270"}],"curies":[{"name":"wp","href":"https:\/\/api.w.org\/{rel}","templated":true}]}}