{"id":165272,"date":"2025-11-25T23:13:13","date_gmt":"2025-11-25T23:13:13","guid":{"rendered":"https:\/\/www.europesays.com\/pt\/165272\/"},"modified":"2025-11-25T23:13:13","modified_gmt":"2025-11-25T23:13:13","slug":"alhos-vedros-cemiterio-foi-profanado-e-corpos-desmembrados-observador","status":"publish","type":"post","link":"https:\/\/www.europesays.com\/pt\/165272\/","title":{"rendered":"Alhos Vedros. Cemit\u00e9rio foi profanado e corpos desmembrados \u2013 Observador"},"content":{"rendered":"<p>A Diocese de Set\u00fabal denunciou esta ter\u00e7a-feira que v\u00e1rias capelas jazigo do cemit\u00e9rio de Alhos Vedros, no concelho da Moita, foram profanadas. \u201cFoi com profunda tristeza e sentimentos de emo\u00e7\u00e3o, impot\u00eancia e verdadeira consterna\u00e7\u00e3o que recebi a not\u00edcia da profana\u00e7\u00e3o de sepulturas no cemit\u00e9rio de Alhos Vedros\u201d, <a href=\"https:\/\/diocese-setubal.pt\/nota-episcopal-sobre-a-profanacao-de-sepulturas-no-cemiterio-de-alhos-vedros\/\" target=\"_blank\" rel=\"noopener nofollow\">l\u00ea-se numa nota da diocese assinada pelo cardeal Am\u00e9rico Aguiar<\/a> e enviada \u00e0s reda\u00e7\u00f5es. Ao Observador, o bispo de Set\u00fabal explicou que foram afetadas pelo menos quatro capelas e que alguns dos corpos foram desmembrados.<\/p>\n<p>\u201c<strong>As capelas jazigo foram abertas, os caix\u00f5es foram colocados fora, foram destru\u00eddos, os corpos profanados.<\/strong> Agora, motiva\u00e7\u00f5es, raz\u00f5es ningu\u00e9m consegue imaginar. Maldade, droga, roubo, ritual \u2026 N\u00e3o fa\u00e7o ideia, nunca tal vi nem ouvi relatos\u201d, disse o cardeal.<\/p>\n<p>Am\u00e9rico Aguiar adiantou que foi alertado sobre a situa\u00e7\u00e3o pelo p\u00e1roco de Alhos Vedros, que tamb\u00e9m comunicou o caso \u00e0 C\u00e2mara Municipal da Moita. O cardeal deslocou-se ent\u00e3o ao cemit\u00e9rio, onde j\u00e1 tinha estado no in\u00edcio de novembro para uma celebra\u00e7\u00e3o do dia dos Fi\u00e9is Defuntos.<\/p>\n<p>Segundo o bispo de Set\u00fabal, tamb\u00e9m estiveram no local o presidente da C\u00e2mara da Moita, o presidente da Junta de Alhos Vedros, bem como a GNR, bombeiros e t\u00e9cnicos do Instituto de Medicina Legal.<\/p>\n<p><strong>\u201cNem em filmes de terror vi alguma vez tal coisa. \u00c9 inimagin\u00e1vel\u201d<\/strong>, afirmou o cardeal, que na nota enviada \u00e0s reda\u00e7\u00f5es dirigiu \u201cuma palavra de proximidade, respeito e compaix\u00e3o\u201d \u00e0s fam\u00edlias afetadas. \u201cPartilhamos convosco a indigna\u00e7\u00e3o e o sofrimento. Elevamos convosco a nossa ora\u00e7\u00e3o, pedindo ao Senhor que vos conceda consola\u00e7\u00e3o e for\u00e7a. Neste momento dif\u00edcil, convido toda a Diocese a unir-se numa intensa ora\u00e7\u00e3o com as fam\u00edlias e pelas fam\u00edlias e numa ora\u00e7\u00e3o, pelos seus entes queridos ultrajados por este gesto sacr\u00edlego\u201d, sublinhou.<\/p>\n","protected":false},"excerpt":{"rendered":"A Diocese de Set\u00fabal denunciou esta ter\u00e7a-feira que v\u00e1rias capelas jazigo do cemit\u00e9rio de Alhos Vedros, no concelho&hellip;\n","protected":false},"author":2,"featured_media":165273,"comment_status":"","ping_status":"","sticky":false,"template":"","format":"standard","meta":{"footnotes":""},"categories":[10],"tags":[27,28,15,16,14,5687,25,26,21,22,12,13,19,20,57,32,23,24,33,313,10012,58,17,18,29,30,31],"class_list":{"0":"post-165272","1":"post","2":"type-post","3":"status-publish","4":"format-standard","5":"has-post-thumbnail","7":"category-portugal","8":"tag-breaking-news","9":"tag-breakingnews","10":"tag-featured-news","11":"tag-featurednews","12":"tag-headlines","13":"tag-igreja-catu00f3lica","14":"tag-latest-news","15":"tag-latestnews","16":"tag-main-news","17":"tag-mainnews","18":"tag-news","19":"tag-noticias","20":"tag-noticias-principais","21":"tag-noticiasprincipais","22":"tag-pau00eds","23":"tag-portugal","24":"tag-principais-noticias","25":"tag-principaisnoticias","26":"tag-pt","27":"tag-religiu00e3o","28":"tag-setu00fabal","29":"tag-sociedade","30":"tag-top-stories","31":"tag-topstories","32":"tag-ultimas","33":"tag-ultimas-noticias","34":"tag-ultimasnoticias"},"share_on_mastodon":{"url":"https:\/\/pubeurope.com\/@pt\/115612876996535530","error":""},"_links":{"self":[{"href":"https:\/\/www.europesays.com\/pt\/wp-json\/wp\/v2\/posts\/165272","targetHints":{"allow":["GET"]}}],"collection":[{"href":"https:\/\/www.europesays.com\/pt\/wp-json\/wp\/v2\/posts"}],"about":[{"href":"https:\/\/www.europesays.com\/pt\/wp-json\/wp\/v2\/types\/post"}],"author":[{"embeddable":true,"href":"https:\/\/www.europesays.com\/pt\/wp-json\/wp\/v2\/users\/2"}],"replies":[{"embeddable":true,"href":"https:\/\/www.europesays.com\/pt\/wp-json\/wp\/v2\/comments?post=165272"}],"version-history":[{"count":0,"href":"https:\/\/www.europesays.com\/pt\/wp-json\/wp\/v2\/posts\/165272\/revisions"}],"wp:featuredmedia":[{"embeddable":true,"href":"https:\/\/www.europesays.com\/pt\/wp-json\/wp\/v2\/media\/165273"}],"wp:attachment":[{"href":"https:\/\/www.europesays.com\/pt\/wp-json\/wp\/v2\/media?parent=165272"}],"wp:term":[{"taxonomy":"category","embeddable":true,"href":"https:\/\/www.europesays.com\/pt\/wp-json\/wp\/v2\/categories?post=165272"},{"taxonomy":"post_tag","embeddable":true,"href":"https:\/\/www.europesays.com\/pt\/wp-json\/wp\/v2\/tags?post=165272"}],"curies":[{"name":"wp","href":"https:\/\/api.w.org\/{rel}","templated":true}]}}