{"id":165276,"date":"2025-11-25T23:18:18","date_gmt":"2025-11-25T23:18:18","guid":{"rendered":"https:\/\/www.europesays.com\/pt\/165276\/"},"modified":"2025-11-25T23:18:18","modified_gmt":"2025-11-25T23:18:18","slug":"leandro-comenta-possivel-desistencia-de-dylan-e-bruno-se-querem-ir-ate-logo-secret-story","status":"publish","type":"post","link":"https:\/\/www.europesays.com\/pt\/165276\/","title":{"rendered":"Leandro comenta poss\u00edvel desist\u00eancia de Dylan e Bruno: \u00abSe querem ir, at\u00e9 logo &#8230;\u00bb &#8211; Secret Story"},"content":{"rendered":"<p>No Secret Story, Leandro comenta com Marisa a amea\u00e7a de desist\u00eancia de Dylan e Bruno. Veja o v\u00eddeo.\u00a0\u00a0<\/p>\n<p>Os nomeados do ESPECIAL do\u00a0SECRET STORY 9\u00a0de ontem, dia 24 de novembro, e que v\u00e3o a vota\u00e7\u00f5es para SALVAR,\u00a0durante esta semana, s\u00e3o os seguintes:<\/p>\n<p><strong>VOTA\u00c7\u00c3O PARA SALVAR:<\/strong><\/p>\n<p>BRUNO &#8211; 761 20 20 04<br \/>DYLAN &#8211; 761 20 20 07<br \/>F\u00c1BIO \u2013 761 20 20 08<br \/>IN\u00caS \u2013 761 20 20 10<\/p>\n<p><a href=\"https:\/\/tvi.iol.pt\/secretstory\/aominuto\" rel=\"nofollow noopener\" target=\"_blank\">Acompanhe tudo ao minuto e n\u00e3o perca nada do que se passa na casa mais vigiada do Pa\u00eds!<\/a>\u00a0<\/p>\n","protected":false},"excerpt":{"rendered":"No Secret Story, Leandro comenta com Marisa a amea\u00e7a de desist\u00eancia de Dylan e Bruno. Veja o v\u00eddeo.\u00a0\u00a0&hellip;\n","protected":false},"author":2,"featured_media":165277,"comment_status":"","ping_status":"","sticky":false,"template":"","format":"standard","meta":{"footnotes":""},"categories":[142],"tags":[114,115,19033,12397,19034,32,33,151,19032],"class_list":{"0":"post-165276","1":"post","2":"type-post","3":"status-publish","4":"format-standard","5":"has-post-thumbnail","7":"category-tv","8":"tag-entertainment","9":"tag-entretenimento","10":"tag-galas-em-video","11":"tag-leandro","12":"tag-melhores-momentos-casa-dos-segredos","13":"tag-portugal","14":"tag-pt","15":"tag-tv","16":"tag-videos-secret-story-tvi"},"share_on_mastodon":{"url":"https:\/\/pubeurope.com\/@pt\/115612896686062053","error":""},"_links":{"self":[{"href":"https:\/\/www.europesays.com\/pt\/wp-json\/wp\/v2\/posts\/165276","targetHints":{"allow":["GET"]}}],"collection":[{"href":"https:\/\/www.europesays.com\/pt\/wp-json\/wp\/v2\/posts"}],"about":[{"href":"https:\/\/www.europesays.com\/pt\/wp-json\/wp\/v2\/types\/post"}],"author":[{"embeddable":true,"href":"https:\/\/www.europesays.com\/pt\/wp-json\/wp\/v2\/users\/2"}],"replies":[{"embeddable":true,"href":"https:\/\/www.europesays.com\/pt\/wp-json\/wp\/v2\/comments?post=165276"}],"version-history":[{"count":0,"href":"https:\/\/www.europesays.com\/pt\/wp-json\/wp\/v2\/posts\/165276\/revisions"}],"wp:featuredmedia":[{"embeddable":true,"href":"https:\/\/www.europesays.com\/pt\/wp-json\/wp\/v2\/media\/165277"}],"wp:attachment":[{"href":"https:\/\/www.europesays.com\/pt\/wp-json\/wp\/v2\/media?parent=165276"}],"wp:term":[{"taxonomy":"category","embeddable":true,"href":"https:\/\/www.europesays.com\/pt\/wp-json\/wp\/v2\/categories?post=165276"},{"taxonomy":"post_tag","embeddable":true,"href":"https:\/\/www.europesays.com\/pt\/wp-json\/wp\/v2\/tags?post=165276"}],"curies":[{"name":"wp","href":"https:\/\/api.w.org\/{rel}","templated":true}]}}