{"id":165311,"date":"2025-11-25T23:57:10","date_gmt":"2025-11-25T23:57:10","guid":{"rendered":"https:\/\/www.europesays.com\/pt\/165311\/"},"modified":"2025-11-25T23:57:10","modified_gmt":"2025-11-25T23:57:10","slug":"franca-bardella-delfim-de-le-pen-lidera-sondagem-para-as-presidenciais-de-2027","status":"publish","type":"post","link":"https:\/\/www.europesays.com\/pt\/165311\/","title":{"rendered":"Fran\u00e7a: Bardella, delfim de Le Pen, lidera sondagem para as presidenciais de 2027"},"content":{"rendered":"<p><a href=\"https:\/\/expresso.pt\/internacional\/europa\/franca\/2024-06-19-jordan-bardella-o-menino-bonito-da-extrema-direita-francesa-pode-vir-a-ser-o-primeiro-ministro-mais-novo-de-sempre-1c29a28f\" target=\"_blank\" rel=\"noopener noreferrer nofollow\">Jordan Bardella<\/a>, l\u00edder do partido de extrema-direita franc\u00eas Reagrupamento Nacional (RN, antiga Frente Nacional), aparece \u00e0 frente de uma sondagem levada a cabo em Fran\u00e7a pela Odoxa, tendo em vista as pr\u00f3ximas elei\u00e7\u00f5es presidenciais do pa\u00eds, calendarizadas para abril de 2027. Numa segunda volta, o atual l\u00edder do RN surge como virtual vencedor face a todos os eventuais candidatos, avan\u00e7a a ag\u00eancia <a href=\"https:\/\/www.reuters.com\/world\/french-poll-shows-far-right-leader-bardella-winning-presidential-election-2025-11-25\/?utm_source=Sailthru&amp;utm_medium=Newsletter&amp;utm_campaign=Daily-Briefing&amp;utm_term=112525&amp;lctg=65b8b09b79818c89db0658bd\" target=\"_blank\" rel=\"noopener noreferrer nofollow\">Reuters<\/a>.<\/p>\n<p>Bardella foi testado numa segunda volta contra Jean-Luc M\u00e9lenchon (Fran\u00e7a Insubmissa, extrema-esquerda), Raphael Glucksmann (esquerda) e contra os ex-primeiros-ministros centristas Gabriel Attal e Edouard Philippe, tendo o estudo revelado resultados entre os 74% (contra M\u00e9lenchon) e 53% (contra Philippe), com uma margem de erro de 2,5 pontos percentuais.<\/p>\n<p>A pesquisa, que inquiriu 1000 pessoas entre 19 e 20 de novembro, concluiu que, se as elei\u00e7\u00f5es presidenciais tivessem lugar esta semana, Bardella &#8211; visto como o delfim de Le Pen &#8211; receberia entre 35% e 36% dos votos na primeira volta.<\/p>\n<p style=\"text-align: start;\">\u201cInfelizmente para o Jordan Bardella e para os seus apoiantes, e felizmente para todas as outras pessoas, ser o favorito absoluto numa <a href=\"https:\/\/expresso.pt\/internacional\/europa\/franca\/2025-10-07-dos-pedidos-de-dissolucao-do-parlamento-aos-apelos-de-eleicoes-antecipadas-nova-crise-politica-em-franca-pressiona-macron-b9551615\" target=\"_blank\" rel=\"noopener noreferrer nofollow\">elei\u00e7\u00e3o presidencial<\/a> v\u00e1rios meses antes de decorrer n\u00e3o \u00e9 garantia de sucesso\u201d, apontou a Odoxa no relat\u00f3rio em que divulga os resultados das sondagens.<\/p>\n<p>O atual Presidente, <a href=\"https:\/\/expresso.pt\/internacional\/europa\/franca\/2025-10-14-sindrome-de-jesus-presidencial-e-forma-de-loucura-politica-quem-nao-quer-a-demissao-de-emmanuel-macron--5a1ff7ec\" target=\"_blank\" rel=\"noopener noreferrer nofollow\">Emmanuel Macron<\/a>, tem tido uma queda acentuada de popularidade, nomeadamente desde a convoca\u00e7\u00e3o de elei\u00e7\u00f5es gerais em meados de 2024, ap\u00f3s uma derrota clara do seu partido, Ensemble, nas europeias de 2024. O resultado foi um Parlamento sem maioria absoluta, incapaz de formar uma coliga\u00e7\u00e3o est\u00e1vel.<\/p>\n<p>Texto escrito por Andr\u00e9 Sousa e editado por Jo\u00e3o Pedro Barros<\/p>\n","protected":false},"excerpt":{"rendered":"Jordan Bardella, l\u00edder do partido de extrema-direita franc\u00eas Reagrupamento Nacional (RN, antiga Frente Nacional), aparece \u00e0 frente de&hellip;\n","protected":false},"author":2,"featured_media":165312,"comment_status":"","ping_status":"","sticky":false,"template":"","format":"standard","meta":{"footnotes":""},"categories":[50],"tags":[27,28,15,16,14,25,26,21,22,62,12,13,19,20,23,24,17,18,29,30,31,63,64,65],"class_list":{"0":"post-165311","1":"post","2":"type-post","3":"status-publish","4":"format-standard","5":"has-post-thumbnail","7":"category-mundo","8":"tag-breaking-news","9":"tag-breakingnews","10":"tag-featured-news","11":"tag-featurednews","12":"tag-headlines","13":"tag-latest-news","14":"tag-latestnews","15":"tag-main-news","16":"tag-mainnews","17":"tag-mundo","18":"tag-news","19":"tag-noticias","20":"tag-noticias-principais","21":"tag-noticiasprincipais","22":"tag-principais-noticias","23":"tag-principaisnoticias","24":"tag-top-stories","25":"tag-topstories","26":"tag-ultimas","27":"tag-ultimas-noticias","28":"tag-ultimasnoticias","29":"tag-world","30":"tag-world-news","31":"tag-worldnews"},"share_on_mastodon":{"url":"https:\/\/pubeurope.com\/@pt\/115613049998186655","error":""},"_links":{"self":[{"href":"https:\/\/www.europesays.com\/pt\/wp-json\/wp\/v2\/posts\/165311","targetHints":{"allow":["GET"]}}],"collection":[{"href":"https:\/\/www.europesays.com\/pt\/wp-json\/wp\/v2\/posts"}],"about":[{"href":"https:\/\/www.europesays.com\/pt\/wp-json\/wp\/v2\/types\/post"}],"author":[{"embeddable":true,"href":"https:\/\/www.europesays.com\/pt\/wp-json\/wp\/v2\/users\/2"}],"replies":[{"embeddable":true,"href":"https:\/\/www.europesays.com\/pt\/wp-json\/wp\/v2\/comments?post=165311"}],"version-history":[{"count":0,"href":"https:\/\/www.europesays.com\/pt\/wp-json\/wp\/v2\/posts\/165311\/revisions"}],"wp:featuredmedia":[{"embeddable":true,"href":"https:\/\/www.europesays.com\/pt\/wp-json\/wp\/v2\/media\/165312"}],"wp:attachment":[{"href":"https:\/\/www.europesays.com\/pt\/wp-json\/wp\/v2\/media?parent=165311"}],"wp:term":[{"taxonomy":"category","embeddable":true,"href":"https:\/\/www.europesays.com\/pt\/wp-json\/wp\/v2\/categories?post=165311"},{"taxonomy":"post_tag","embeddable":true,"href":"https:\/\/www.europesays.com\/pt\/wp-json\/wp\/v2\/tags?post=165311"}],"curies":[{"name":"wp","href":"https:\/\/api.w.org\/{rel}","templated":true}]}}