{"id":165315,"date":"2025-11-26T00:00:11","date_gmt":"2025-11-26T00:00:11","guid":{"rendered":"https:\/\/www.europesays.com\/pt\/165315\/"},"modified":"2025-11-26T00:00:11","modified_gmt":"2025-11-26T00:00:11","slug":"meghan-markle-e-acusada-de-pegar-vestido-escondido-de-ensaio-para-revista-e-equipe-se-manifesta","status":"publish","type":"post","link":"https:\/\/www.europesays.com\/pt\/165315\/","title":{"rendered":"Meghan Markle \u00e9 acusada de pegar vestido \u201cescondido\u201d de ensaio para revista e equipe se manifesta"},"content":{"rendered":"<p>                                Ler resumo <\/p>\n<p>Meghan Markle surgiu em trailer de seu especial de Natal na Netflix usando um vestido que reacendeu rumores sobre um suposto \u201csumi\u00e7o\u201d durante um ensaio de 2022 para a Variety. Fontes discordam sobre o caso, e a equipe da duquesa negou qualquer irregularidade.<\/p>\n<p>Um trailer do novo especial de <a href=\"https:\/\/hugogloss.uol.com.br\/tag\/natal\/\" target=\"_blank\" rel=\"noopener nofollow\">Natal<\/a> de <a href=\"https:\/\/hugogloss.uol.com.br\/tag\/meghan-markle\/\" target=\"_blank\" rel=\"noopener nofollow\">Meghan Markle<\/a> para a <a href=\"https:\/\/hugogloss.uol.com.br\/tag\/netflix\/\" target=\"_blank\" rel=\"noopener nofollow\">Netflix<\/a> foi respons\u00e1vel por reacender um rumor sobre a atriz. De acordo com fontes do Page Six, Meghan apareceu com um vestido de US$ 1.695 (cerca de R$9 mil), supostamente levado \u00e0s escondidas de um ensaio fotogr\u00e1fico de 2022 para a Variety. Ap\u00f3s as acusa\u00e7\u00f5es, um representante da artista se manifestou e repudiou os coment\u00e1rios.<\/p>\n<p>O burburinho come\u00e7ou depois que Meghan surgiu no v\u00eddeo promocional de \u201c<a href=\"https:\/\/hugogloss.uol.com.br\/tag\/com-amor-meghan\/\" target=\"_blank\" rel=\"noopener nofollow\">Com Amor, Meghan: Celebra\u00e7\u00e3o de Natal<\/a>\u201d usando o modelo verde-esmeralda \u201cUshuaia\u201d, da Galvan. Segundo o portal, o modelito \u00e9 o mesmo escolhido para o ensaio da revista. Dois insiders afirmaram que Meghan teria \u201cpegado o vestido sem pedir\u201d.<\/p>\n<p>J\u00e1 uma terceira minimizou o rumor e descreveu a situa\u00e7\u00e3o como um poss\u00edvel mal-entendido. A pessoa relembrou que celebridades, inclusive membros da realeza, \u00e0s vezes mant\u00eam itens para evitar revendas ou leil\u00f5es n\u00e3o autorizados. Uma quarta fonte, no entanto, refutou essa pr\u00e1tica.<\/p>\n<p> Continua depois da Publicidade <\/p>\n<p>Em resposta, o porta-voz da duquesa classificou a hist\u00f3ria como falsa e difamat\u00f3ria. \u201cA insinua\u00e7\u00e3o de que quaisquer itens foram levados sem o pleno conhecimento e consentimento dos estilistas no set ou de suas respectivas equipes n\u00e3o \u00e9 apenas categoricamente falsa, mas tamb\u00e9m altamente difamat\u00f3ria. Quaisquer itens que tenham sido retidos foram mantidos com total transpar\u00eancia e de acordo com os termos contratuais\u201d, declarou \u00e0 People.<\/p>\n<p> <img loading=\"lazy\" decoding=\"async\" class=\"size-medium wp-image-1197972 img-fluid lazy\" alt=\"\" width=\"617\" height=\"347\" src=\"https:\/\/www.europesays.com\/pt\/wp-content\/uploads\/2025\/11\/meghan--617x347.jpg\"  \/>Meghan teria repetido vestido de ensaio (Foto: Reprodu\u00e7\u00e3o\/Netflix; Variety) <\/p>\n<p>Pol\u00eamicas envolvendo roupas usadas por Meghan j\u00e1 tinham sido mencionadas antes. No podcast \u201cHeretics\u201d, a jornalista Vanessa Grigoriadis disse que ela teria levado \u201cmuita coisa\u201d de ensaios anteriores. \u201cO que \u00e9 chocante ao ouvir esse tipo de hist\u00f3ria supostamente inventada \u00e9 que algu\u00e9m que mora em uma mans\u00e3o de mais de US$ 15 milh\u00f5es em Montecito, que acabou de fechar neg\u00f3cios de US$ 100 milh\u00f5es, se importaria o suficiente para levar para casa algumas joias e roupas de um ensaio fotogr\u00e1fico que ela claramente pode pagar\u201d, disse Grigoriadis. No entanto, a equipe de Meghan negou categoricamente qualquer irregularidade e refor\u00e7ou que tudo sempre foi feito dentro de acordos formais.<\/p>\n<p> Continua depois da Publicidade <\/p>\n<p><strong>Especial da Netflix<\/strong><\/p>\n<p>O novo trailer mostra Meghan decorando a casa para o Natal, fazendo artesanato, cozinhando e at\u00e9 mesmo trocando um r\u00e1pido beijo com o <a href=\"https:\/\/hugogloss.uol.com.br\/tag\/principe-harry\/\" target=\"_blank\" rel=\"noopener nofollow\">pr\u00edncipe Harry<\/a>.<\/p>\n<p>Entre seus convidados, est\u00e3o a campe\u00e3 de t\u00eanis Naomi Osaka, o jurado do \u201cTop Chef\u201d Tom Colicchio, o especialista em hotelaria Will Guidara, a filantropa Kelly McKee Zajfen e sua amiga de longa data Lindsay Roth.<\/p>\n<p>                                                                     <a id=\"google-news\" class=\"google-news\" href=\"https:\/\/news.google.com\/publications\/CAAqBwgKMM6ViAswv82GAw?ceid=BR:pt-419&amp;amp;oc=3&amp;amp;hl=pt-BR&amp;amp;gl=BR\" target=\"_blank\" rel=\"nofollow noopener\"><\/p>\n<p>                                            Siga a <strong> Hugo Gloss no Google News<\/strong> e acompanhe nossos destaques<\/p>\n<p>                                    <\/a><\/p>\n","protected":false},"excerpt":{"rendered":"Ler resumo Meghan Markle surgiu em trailer de seu especial de Natal na Netflix usando um vestido que&hellip;\n","protected":false},"author":2,"featured_media":165316,"comment_status":"","ping_status":"","sticky":false,"template":"","format":"standard","meta":{"footnotes":""},"categories":[145],"tags":[211,210,114,115,710,716,32,33,1367],"class_list":{"0":"post-165315","1":"post","2":"type-post","3":"status-publish","4":"format-standard","5":"has-post-thumbnail","7":"category-celebridades","8":"tag-celebridades","9":"tag-celebrities","10":"tag-entertainment","11":"tag-entretenimento","12":"tag-meghan-markle","13":"tag-netflix","14":"tag-portugal","15":"tag-pt","16":"tag-vestido"},"share_on_mastodon":{"url":"https:\/\/pubeurope.com\/@pt\/115613062048806579","error":""},"_links":{"self":[{"href":"https:\/\/www.europesays.com\/pt\/wp-json\/wp\/v2\/posts\/165315","targetHints":{"allow":["GET"]}}],"collection":[{"href":"https:\/\/www.europesays.com\/pt\/wp-json\/wp\/v2\/posts"}],"about":[{"href":"https:\/\/www.europesays.com\/pt\/wp-json\/wp\/v2\/types\/post"}],"author":[{"embeddable":true,"href":"https:\/\/www.europesays.com\/pt\/wp-json\/wp\/v2\/users\/2"}],"replies":[{"embeddable":true,"href":"https:\/\/www.europesays.com\/pt\/wp-json\/wp\/v2\/comments?post=165315"}],"version-history":[{"count":0,"href":"https:\/\/www.europesays.com\/pt\/wp-json\/wp\/v2\/posts\/165315\/revisions"}],"wp:featuredmedia":[{"embeddable":true,"href":"https:\/\/www.europesays.com\/pt\/wp-json\/wp\/v2\/media\/165316"}],"wp:attachment":[{"href":"https:\/\/www.europesays.com\/pt\/wp-json\/wp\/v2\/media?parent=165315"}],"wp:term":[{"taxonomy":"category","embeddable":true,"href":"https:\/\/www.europesays.com\/pt\/wp-json\/wp\/v2\/categories?post=165315"},{"taxonomy":"post_tag","embeddable":true,"href":"https:\/\/www.europesays.com\/pt\/wp-json\/wp\/v2\/tags?post=165315"}],"curies":[{"name":"wp","href":"https:\/\/api.w.org\/{rel}","templated":true}]}}