{"id":165321,"date":"2025-11-26T00:13:08","date_gmt":"2025-11-26T00:13:08","guid":{"rendered":"https:\/\/www.europesays.com\/pt\/165321\/"},"modified":"2025-11-26T00:13:08","modified_gmt":"2025-11-26T00:13:08","slug":"multa-pesada-para-ativistas-que-paralisaram-aeroporto-de-hamburgo-em-2023","status":"publish","type":"post","link":"https:\/\/www.europesays.com\/pt\/165321\/","title":{"rendered":"Multa pesada para ativistas que paralisaram aeroporto de Hamburgo em 2023"},"content":{"rendered":"<p><strong>Dez ativistas clim\u00e1ticos que em 2023 paralisaram o aeroporto da cidade alem\u00e3 de Hamburgo ter\u00e3o de pagar 400.000 euros de indemniza\u00e7\u00e3o \u00e0 companhia a\u00e9rea Lufthansa, segundo decis\u00e3o do Tribunal Distrital, foi anunciado esta ter\u00e7a-feira.<\/strong><\/p>\n<p>Nos termos da decis\u00e3o judicial, emitida h\u00e1 alguns dias e publicada esta ter\u00e7a-feira, com esta multa, os ativistas do <a href=\"https:\/\/letztegeneration.org\/\" target=\"_blank\" rel=\"noreferrer noopener nofollow\">grupo Last Generation<\/a> (\u00daltima Gera\u00e7\u00e3o) dever\u00e3o ressarcir a companhia a\u00e9rea alem\u00e3 pelo custo das compensa\u00e7\u00f5es pagas aos passageiros, do combust\u00edvel desperdi\u00e7ado e das receitas que perdeu.<\/p>\n<p>Ao bloquearem a pista, os <strong>ativistas escolheram uma forma de protesto que interferia com as opera\u00e7\u00f5es legais das companhias a\u00e9reas<\/strong> e, por isso, &#8220;transgrediram deliberadamente os limites do direito penal&#8221;, sublinhou o tribunal, embora o objetivo da mobiliza\u00e7\u00e3o n\u00e3o s\u00f3 fosse leg\u00edtimo, como tamb\u00e9m &#8220;essencial para a sobreviv\u00eancia da sociedade humana na sua forma atual&#8221;.<\/p>\n<p>Ativistas arriscam pena de pris\u00e3o em caso de incumprimento<\/p>\n<p>Al\u00e9m disso, o tribunal determinou que os ativistas dever\u00e3o tamb\u00e9m suportar todas as despesas futuras em que incorram a empresa autora da a\u00e7\u00e3o e outras companhias a\u00e9reas em consequ\u00eancia do bloqueio e <strong>cumprir\u00e3o dois anos de pris\u00e3o caso n\u00e3o paguem a multa imposta.<\/strong><\/p>\n<p>A senten\u00e7a ainda n\u00e3o transitou em julgado e <strong>pode ser alvo de recurso no prazo de um m\u00eas.<\/strong><\/p>\n<p>O grupo de ativistas clim\u00e1ticos irrompeu pelo aeroporto de Hamburgo, no norte da Alemanha, a 13 de julho de 2023 e <strong>impediu descolagens e aterragens durante cerca de quatro horas.<\/strong><\/p>\n<p>Durante esse per\u00edodo, tiveram de ser cancelados 57 voos de companhias a\u00e9reas do grupo Lufthansa.<\/p>\n","protected":false},"excerpt":{"rendered":"Dez ativistas clim\u00e1ticos que em 2023 paralisaram o aeroporto da cidade alem\u00e3 de Hamburgo ter\u00e3o de pagar 400.000&hellip;\n","protected":false},"author":2,"featured_media":165322,"comment_status":"","ping_status":"","sticky":false,"template":"","format":"standard","meta":{"footnotes":""},"categories":[50],"tags":[27,28,15,16,14,25,26,21,22,62,12,13,19,20,23,24,17,18,29,30,31,63,64,65],"class_list":{"0":"post-165321","1":"post","2":"type-post","3":"status-publish","4":"format-standard","5":"has-post-thumbnail","7":"category-mundo","8":"tag-breaking-news","9":"tag-breakingnews","10":"tag-featured-news","11":"tag-featurednews","12":"tag-headlines","13":"tag-latest-news","14":"tag-latestnews","15":"tag-main-news","16":"tag-mainnews","17":"tag-mundo","18":"tag-news","19":"tag-noticias","20":"tag-noticias-principais","21":"tag-noticiasprincipais","22":"tag-principais-noticias","23":"tag-principaisnoticias","24":"tag-top-stories","25":"tag-topstories","26":"tag-ultimas","27":"tag-ultimas-noticias","28":"tag-ultimasnoticias","29":"tag-world","30":"tag-world-news","31":"tag-worldnews"},"share_on_mastodon":{"url":"https:\/\/pubeurope.com\/@pt\/115613113113668360","error":""},"_links":{"self":[{"href":"https:\/\/www.europesays.com\/pt\/wp-json\/wp\/v2\/posts\/165321","targetHints":{"allow":["GET"]}}],"collection":[{"href":"https:\/\/www.europesays.com\/pt\/wp-json\/wp\/v2\/posts"}],"about":[{"href":"https:\/\/www.europesays.com\/pt\/wp-json\/wp\/v2\/types\/post"}],"author":[{"embeddable":true,"href":"https:\/\/www.europesays.com\/pt\/wp-json\/wp\/v2\/users\/2"}],"replies":[{"embeddable":true,"href":"https:\/\/www.europesays.com\/pt\/wp-json\/wp\/v2\/comments?post=165321"}],"version-history":[{"count":0,"href":"https:\/\/www.europesays.com\/pt\/wp-json\/wp\/v2\/posts\/165321\/revisions"}],"wp:featuredmedia":[{"embeddable":true,"href":"https:\/\/www.europesays.com\/pt\/wp-json\/wp\/v2\/media\/165322"}],"wp:attachment":[{"href":"https:\/\/www.europesays.com\/pt\/wp-json\/wp\/v2\/media?parent=165321"}],"wp:term":[{"taxonomy":"category","embeddable":true,"href":"https:\/\/www.europesays.com\/pt\/wp-json\/wp\/v2\/categories?post=165321"},{"taxonomy":"post_tag","embeddable":true,"href":"https:\/\/www.europesays.com\/pt\/wp-json\/wp\/v2\/tags?post=165321"}],"curies":[{"name":"wp","href":"https:\/\/api.w.org\/{rel}","templated":true}]}}