{"id":165329,"date":"2025-11-26T00:19:11","date_gmt":"2025-11-26T00:19:11","guid":{"rendered":"https:\/\/www.europesays.com\/pt\/165329\/"},"modified":"2025-11-26T00:19:11","modified_gmt":"2025-11-26T00:19:11","slug":"isabel-figueira-arrasa-comportamentos-na-casa-dos-segredos-vale-tudo-mas-nao-vale-tudinho","status":"publish","type":"post","link":"https:\/\/www.europesays.com\/pt\/165329\/","title":{"rendered":"Isabel Figueira arrasa comportamentos na Casa dos Segredos \u2014 \u201cVale tudo, mas n\u00e3o vale tudinho\u201d"},"content":{"rendered":"<p>Isabel Figueira arrasa comportamentos na <a href=\"https:\/\/tvi.iol.pt\/secretstory\" rel=\"nofollow noopener\" target=\"_blank\">Casa dos Segredos<\/a> \u2014 \u201cVale tudo, mas n\u00e3o vale tudinho\u201d, assinalou.<\/p>\n<p>Isabel Figueira surpreende com rea\u00e7\u00e3o \u00e0 sa\u00edda de Marisa Susana<\/p>\n<p>O Extra da <strong>Casa dos Segredos 9<\/strong>, transmitido na madrugada desta ter\u00e7a-feira, abriu com as repercuss\u00f5es da expuls\u00e3o de <strong>Marisa Susana<\/strong>, uma elimina\u00e7\u00e3o que apanhou muitos de surpresa \u2014 incluindo Isabel Figueira.<\/p>\n<p>Logo no arranque, a comentadora assumiu que n\u00e3o esperava aquele resultado:<br \/><strong>\u201cA sa\u00edda da Marisa Susana foi um choque. Para quem estava a ver a gala, eu era a \u00faltima pessoa que imaginava que pudesse sair. At\u00e9 porque estava a gostar do jogo da Marisa Susana nos \u00faltimos tempos.\u201d<\/strong><\/p>\n<p>\u201cConhecemos v\u00e1rias Marisas Susanas\u201d<\/p>\n<p>Isabel aprofundou a an\u00e1lise e destacou a complexidade do percurso da concorrente alem\u00e3:<\/p>\n<p><strong>\u201cN\u00f3s conhecemos aqui v\u00e1rias \u2018Marisas Susanas\u2019. Acho que h\u00e1 a Marisa Susana que tem cora\u00e7\u00e3o, que \u00e9 jogadora, que \u00e9 provocadora, que puxa pelo jogo, e, por isso, n\u00e3o estava nada \u00e0 espera que ela sa\u00edsse.\u201d<\/strong><\/p>\n<p>A comentadora sublinha que o impacto dentro da casa ser\u00e1 imediato, sobretudo devido ao clima tenso que se vinha formando entre a concorrente e o grupo dos Reis da Treta:<\/p>\n<p><strong>\u201cSaindo, e tendo existido ali uma paz podre que j\u00e1 se vinha a notar com os Reis da Treta, acho que esta sa\u00edda foi quase um respirar de al\u00edvio para n\u00e3o terem de continuar a fazer uma personagem que mantiveram nas \u00faltimas semanas.\u201d<\/strong><\/p>\n<p>Elogios\u2026 e cr\u00edticas firmes<\/p>\n<p>Apesar da elimina\u00e7\u00e3o, Isabel fez quest\u00e3o de elogiar o contributo de Marisa Susana:<\/p>\n<p><strong>\u201cA Marisa Susana tinha o jogo dela, com todo o respeito, e gostei muito dela como jogadora. Deu muito a este jogo.\u201d<\/strong><\/p>\n<p>Mas, rapidamente, a an\u00e1lise virou para os comportamentos que marcaram os \u00faltimos dias na casa. Isabel aplaudiu Cristina Ferreira pela gest\u00e3o de uma emiss\u00e3o particularmente dif\u00edcil:<\/p>\n<p><strong>\u201cTivemos uma situa\u00e7\u00e3o complicada e quero dar os parab\u00e9ns \u00e0 Cristina pela forma como conduziu o direto e \u00e0 Voz pelo excelente trabalho que fez.\u201d<\/strong><\/p>\n<p>E deixou um aviso claro sobre os limites dentro do reality show:<\/p>\n<p><strong>\u201cAcho que sim, \u00e9 preciso puxar as orelhas. N\u00e3o se pode compactuar com faltas de respeito, situa\u00e7\u00f5es e agress\u00f5es verbais constantes. Existem limites encarnados que s\u00e3o ultrapassados. Limites verbais que n\u00e3o se podem passar.\u201d<\/strong><\/p>\n<p>\u201cVale tudo, mas n\u00e3o vale tudinho\u201d<\/p>\n<p>No fecho da sua interven\u00e7\u00e3o, Isabel Figueira refor\u00e7ou que a competi\u00e7\u00e3o n\u00e3o pode justificar comportamentos descontrolados:<\/p>\n<p><strong>\u201cNum jogo destes, com um pr\u00e9mio de 250 mil euros, vale tudo, mas n\u00e3o vale tudinho.\u201d<\/strong><\/p>\n<p><a href=\"https:\/\/news.google.com\/publications\/CAAqBwgKMKfIoAswtNK4Aw\" target=\"_blank\" rel=\"noopener noreferrer nofollow\"><img loading=\"lazy\" data-lazyloaded=\"1\" width=\"481\" height=\"161\" decoding=\"async\" src=\"\/wp-content\/uploads\/2024\/02\/GN_siganos.png\" alt=\"Siga-nos no Google News\" style=\"margin-top:20px;\"\/><\/a><\/p>\n","protected":false},"excerpt":{"rendered":"Isabel Figueira arrasa comportamentos na Casa dos Segredos \u2014 \u201cVale tudo, mas n\u00e3o vale tudinho\u201d, assinalou. Isabel Figueira&hellip;\n","protected":false},"author":2,"featured_media":165330,"comment_status":"","ping_status":"","sticky":false,"template":"","format":"standard","meta":{"footnotes":""},"categories":[142],"tags":[2632,114,115,23132,32,33,151],"class_list":{"0":"post-165329","1":"post","2":"type-post","3":"status-publish","4":"format-standard","5":"has-post-thumbnail","7":"category-tv","8":"tag-casa-dos-segredos","9":"tag-entertainment","10":"tag-entretenimento","11":"tag-isabel-figueira","12":"tag-portugal","13":"tag-pt","14":"tag-tv"},"share_on_mastodon":{"url":"https:\/\/pubeurope.com\/@pt\/115613136773248553","error":""},"_links":{"self":[{"href":"https:\/\/www.europesays.com\/pt\/wp-json\/wp\/v2\/posts\/165329","targetHints":{"allow":["GET"]}}],"collection":[{"href":"https:\/\/www.europesays.com\/pt\/wp-json\/wp\/v2\/posts"}],"about":[{"href":"https:\/\/www.europesays.com\/pt\/wp-json\/wp\/v2\/types\/post"}],"author":[{"embeddable":true,"href":"https:\/\/www.europesays.com\/pt\/wp-json\/wp\/v2\/users\/2"}],"replies":[{"embeddable":true,"href":"https:\/\/www.europesays.com\/pt\/wp-json\/wp\/v2\/comments?post=165329"}],"version-history":[{"count":0,"href":"https:\/\/www.europesays.com\/pt\/wp-json\/wp\/v2\/posts\/165329\/revisions"}],"wp:featuredmedia":[{"embeddable":true,"href":"https:\/\/www.europesays.com\/pt\/wp-json\/wp\/v2\/media\/165330"}],"wp:attachment":[{"href":"https:\/\/www.europesays.com\/pt\/wp-json\/wp\/v2\/media?parent=165329"}],"wp:term":[{"taxonomy":"category","embeddable":true,"href":"https:\/\/www.europesays.com\/pt\/wp-json\/wp\/v2\/categories?post=165329"},{"taxonomy":"post_tag","embeddable":true,"href":"https:\/\/www.europesays.com\/pt\/wp-json\/wp\/v2\/tags?post=165329"}],"curies":[{"name":"wp","href":"https:\/\/api.w.org\/{rel}","templated":true}]}}