{"id":165333,"date":"2025-11-26T00:25:11","date_gmt":"2025-11-26T00:25:11","guid":{"rendered":"https:\/\/www.europesays.com\/pt\/165333\/"},"modified":"2025-11-26T00:25:11","modified_gmt":"2025-11-26T00:25:11","slug":"estudo-revela-paises-com-maior-probabilidade-de-serem-atingidos-por-um-meteoro-noticias-r7","status":"publish","type":"post","link":"https:\/\/www.europesays.com\/pt\/165333\/","title":{"rendered":"Estudo revela pa\u00edses com maior probabilidade de serem atingidos por um meteoro \u2013 Noticias R7"},"content":{"rendered":"<p><img decoding=\"async\" data-chromatic=\"ignore\" alt=\"\" class=\"c-image\" loading=\"lazy\" src=\"https:\/\/www.europesays.com\/pt\/wp-content\/uploads\/2025\/11\/RK2EHGGX4JG6NCG77RE5IIINNM.jpeg\"  width=\"1170\" height=\"760\"\/>Chance de colis\u00e3o aumenta durante o inverno, segundo pesquisadores Reprodu\u00e7\u00e3o\/Instagram\/@Nasa <\/p>\n<p class=\"jarvics:base-text-neutral-high-400 base-text-[calc(theme(fontSize.xs)_*_var(--font-size,_1))] base-font-normal base-font-primary base-text-neutral-low-500 base-text-left\">Um estudo publicado no arXiv analisou quais regi\u00f5es do planeta t\u00eam maior chance de serem atingidas por um <a href=\"https:\/\/www.r7.com\/tudo-sobre\/espaco-sideral\/\" target=\"_self\" rel=\"nofollow noopener\" title=\"https:\/\/www.r7.com\/tudo-sobre\/espaco-sideral\/\">meteoro<\/a>. Cientistas consideraram trajet\u00f3rias simuladas de <a href=\"https:\/\/noticias.r7.com\/tecnologia-e-ciencia\/nasa-publica-primeiras-imagens-do-cometa-3iatlas-enquanto-passava-perto-de-marte-19112025\/\" target=\"_self\" rel=\"nofollow noopener\" title=\"https:\/\/noticias.r7.com\/tecnologia-e-ciencia\/nasa-publica-primeiras-imagens-do-cometa-3iatlas-enquanto-passava-perto-de-marte-19112025\/\">objetos interestelares<\/a> e descobriram que eles tendem a colidir perto do <a href=\"https:\/\/noticias.r7.com\/internacional\/como-a-policia-do-equador-capturou-tenente-de-maior-narcotraficante-do-pais-14092025\/\" target=\"_self\" rel=\"nofollow noopener\" title=\"https:\/\/noticias.r7.com\/internacional\/como-a-policia-do-equador-capturou-tenente-de-maior-narcotraficante-do-pais-14092025\/\">Equador<\/a>, especialmente durante o inverno.<\/p>\n<p class=\"jarvics:base-text-neutral-high-400 base-text-[calc(theme(fontSize.xs)_*_var(--font-size,_1))] base-font-normal base-font-primary base-text-neutral-low-500 base-text-left\">Esse padr\u00e3o tem rela\u00e7\u00e3o com o movimento da Terra em sua \u00f3rbita e com a dire\u00e7\u00e3o para onde o Sol se desloca na Via L\u00e1ctea. No entanto, os pesquisadores esclareceram que a chance de um meteoro colidir com o planeta \u00e9 \u201cextremamente baixa\u201d.<\/p>\n<p class=\"jarvics:base-text-neutral-high-400 base-text-[calc(theme(fontSize.xs)_*_var(--font-size,_1))] base-font-normal base-font-primary base-text-neutral-low-500 base-text-left\">O estudo mostrou que objetos interestelares que transitam com lentid\u00e3o s\u00e3o os mais perigosos. Isso porque velocidades menores fazem com que a gravidade do Sol consiga pux\u00e1-los para dentro do Sistema Solar, aumentando a chance de cruzarem o caminho da Terra. J\u00e1 os objetos r\u00e1pidos, como muitos que j\u00e1 foram observados, n\u00e3o oferecem tanto perigo.<\/p>\n<p class=\"jarvics:base-text-neutral-high-400 base-text-[calc(theme(fontSize.xs)_*_var(--font-size,_1))] base-font-normal base-font-primary base-text-neutral-low-500 base-text-left\">Cientistas perceberam ainda um padr\u00e3o sazonal. Durante o inverno, quando a Terra se posiciona de forma oposta ao movimento do Sol pela Via L\u00e1ctea, a chance de colis\u00e3o aumenta.<\/p>\n<p class=\"jarvics:base-text-neutral-high-400 base-text-[calc(theme(fontSize.xs)_*_var(--font-size,_1))] base-font-normal base-font-primary base-text-neutral-low-500 base-text-left\">\u201cOs impactos de maior velocidade t\u00eam mais chance de ocorrer na primavera, quando a Terra se move em dire\u00e7\u00e3o ao \u00e1pice solar. No entanto, impactos em geral s\u00e3o mais prov\u00e1veis no inverno, quando a Terra est\u00e1 posicionada na dire\u00e7\u00e3o do ant\u00e1pice. Objetos interestelares tamb\u00e9m t\u00eam maior probabilidade de atingir a Terra em baixas latitudes pr\u00f3ximas ao Equador, com leve predomin\u00e2ncia no Hemisf\u00e9rio Norte devido \u00e0 localiza\u00e7\u00e3o do \u00e1pice. Essas distribui\u00e7\u00f5es s\u00e3o independentes da densidade num\u00e9rica assumida de objetos interestelares, de seus albedos ou da distribui\u00e7\u00e3o de frequ\u00eancia de tamanhos \u2014 e est\u00e3o dispon\u00edveis publicamente\u201d, explica a pesquisa.<\/p>\n<p class=\"jarvics:base-text-neutral-high-400 base-text-[calc(theme(fontSize.xs)_*_var(--font-size,_1))] base-font-normal base-font-primary base-text-neutral-low-500 base-text-left\">Astr\u00f4nomos t\u00eam estudado cada vez mais objetos vindos de fora do Sistema Solar, como o 3I\/Atlas, que ganhou aten\u00e7\u00e3o mundial. As descobertas mostram que corpos interestelares podem atravessar a Via L\u00e1ctea com mais frequ\u00eancia do que se imagina. Embora a maioria apenas passe reto, alguns deles podem ser perigosos, de acordo com o estudo.<\/p>\n<p><video controls=\"\" class=\"video-js\" preload=\"metadata\" poster=\"https:\/\/d22yf0mxeu0gma.cloudfront.net\/08-28-2025\/t_389c58f260eb474881923982debf1c7f_name_Via_lactea.jpg\" title=\"V&#xED;deo em c&#xE2;mera lenta captura Via L&#xE1;ctea atravessando ru&#xED;nas na S&#xED;ria\" data-sprite-url=\"\" data-metadata=\"{&quot;title&quot;:&quot;V&#xED;deo em c&#xE2;mera lenta captura Via L&#xE1;ctea atravessando ru&#xED;nas na S&#xED;ria&quot;,&quot;sectionName&quot;:&quot;R7&quot;,&quot;mainSection&quot;:&quot;Internacional&quot;,&quot;subSection&quot;:&quot;&quot;,&quot;views&quot;:&quot;&quot;,&quot;disableAdv&quot;:&quot;false&quot;,&quot;createdDate&quot;:&quot;2025-08-28T14:27:31Z&quot;,&quot;mainSectionUrl&quot;:&quot;https:\/\/noticias.r7.com\/record-news\/alerta-brasil\/video\/video-em-camera-lenta-captura-via-lactea-atravessando-ruinas-na-siria-28082025\/&quot;,&quot;sectionPath&quot;:&quot;https:\/\/noticias.r7.com\/record-news\/alerta-brasil&quot;,&quot;ageRating&quot;:&quot;&quot;,&quot;ageRatingDescription&quot;:&quot;&quot;,&quot;duration&quot;:23466,&quot;playerUrl&quot;:&quot;https:\/\/noticias.r7.com\/player\/7362ede7-bbb0-4116-8be8-961aff1bc547\/&quot;}\" data-player-params=\"{&quot;p&quot;:&quot;true&quot;,&quot;autoPlay&quot;:&quot;false&quot;,&quot;logo&quot;:&quot;true&quot;,&quot;playlistId&quot;:&quot;false&quot;,&quot;calhau&quot;:&quot;false&quot;,&quot;share&quot;:&quot;true&quot;,&quot;sz&quot;:&quot;false&quot;,&quot;full&quot;:&quot;true&quot;,&quot;customAdHash&quot;:&quot;\/7542\/r7noticias\/internacional&quot;,&quot;referrerUrl&quot;:&quot;&quot;,&quot;externalLinks&quot;:&quot;true&quot;,&quot;debug&quot;:&quot;false&quot;,&quot;debugHash&quot;:&quot;false&quot;,&quot;debugRelated&quot;:&quot;false&quot;,&quot;timerRelated&quot;:&quot;true&quot;,&quot;logoRecord&quot;:&quot;false&quot;,&quot;contextModal&quot;:&quot;false&quot;,&quot;parentUrl&quot;:&quot;https:\/\/record.r7.com\/&quot;,&quot;t&quot;:&quot;0&quot;,&quot;noTitle&quot;:false,&quot;endBehavior&quot;:&quot;default&quot;}\" data-related-videos=\"[{&quot;title&quot;:&quot;Humanoide completa jornada in&#xE9;dita de caminhada&quot;,&quot;thumb&quot;:&quot;https:\/\/d22yf0mxeu0gma.cloudfront.net\/11-25-2025\/t_74cd8fcf91c943d594891a72a766b10e_name_ROB__HUMANOIDE.jpg&quot;,&quot;url&quot;:&quot;https:\/\/noticias.r7.com\/record-news\/news-das-10\/video\/humanoide-completa-jornada-inedita-de-caminhada-25112025\/&quot;,&quot;embedUrl&quot;:&quot;https:\/\/noticias.r7.com\/player\/77abbf9b-6102-4c0f-8ec6-74a7fbd1e818\/&quot;},{&quot;title&quot;:&quot;Novas regras do Pix permitem recupera&#xE7;&#xE3;o de dinheiro&quot;,&quot;thumb&quot;:&quot;https:\/\/d22yf0mxeu0gma.cloudfront.net\/11-24-2025\/t_ce47e545fb33484eab6c1afd8031aa4d_name_file_960x540_1600_v4_.jpg&quot;,&quot;url&quot;:&quot;https:\/\/noticias.r7.com\/record-news\/conexao-record-news\/video\/novas-regras-do-pix-permitem-recuperacao-de-dinheiro-24112025\/&quot;,&quot;embedUrl&quot;:&quot;https:\/\/noticias.r7.com\/player\/87850ed4-e1d1-441f-b5a6-2f92272a0ec4\/&quot;},{&quot;title&quot;:&quot;Tentativas de fraude com documentos mais que dobram no Brasil&quot;,&quot;thumb&quot;:&quot;https:\/\/d22yf0mxeu0gma.cloudfront.net\/11-24-2025\/t_2f668bc608cf42a38f00c59c381a05f1_name_file_960x540_1600_v4_.jpg&quot;,&quot;url&quot;:&quot;https:\/\/noticias.r7.com\/record-news\/conexao-record-news\/video\/tentativas-de-fraude-com-documentos-mais-que-dobram-no-brasil-24112025\/&quot;,&quot;embedUrl&quot;:&quot;https:\/\/noticias.r7.com\/player\/3b17bf05-9381-4a7d-9429-54085356b5a2\/&quot;}]\" data-player-url=\"https:\/\/noticias.r7.com\/player\/7362ede7-bbb0-4116-8be8-961aff1bc547\/\" data-arc-video=\"\" data-arc-id=\"7362ede7-bbb0-4116-8be8-961aff1bc547\" data-short=\"false\" style=\"visibility:hidden\"><\/video><\/p>\n<p class=\"jarvics:base-text-neutral-high-400 base-text-[calc(theme(fontSize.xs)_*_var(--font-size,_1))] base-font-normal base-font-primary base-text-neutral-low-500 base-text-left\"><b>Fique por dentro das principais not\u00edcias do dia no Brasil e no mundo. <\/b><a href=\"https:\/\/whatsapp.com\/channel\/0029Va6eEELGZNCyryabmO1m\" rel=\"nofollow noopener\" target=\"_blank\"><b>Siga o canal do R7<\/b><\/a><b>, o portal de not\u00edcias da Record, no WhatsApp<\/b><\/p>\n","protected":false},"excerpt":{"rendered":"Chance de colis\u00e3o aumenta durante o inverno, segundo pesquisadores Reprodu\u00e7\u00e3o\/Instagram\/@Nasa Um estudo publicado no arXiv analisou quais regi\u00f5es&hellip;\n","protected":false},"author":2,"featured_media":165334,"comment_status":"","ping_status":"","sticky":false,"template":"","format":"standard","meta":{"footnotes":""},"categories":[84],"tags":[109,107,108,10495,1976,32,33,105,103,104,106,110,4248],"class_list":{"0":"post-165333","1":"post","2":"type-post","3":"status-publish","4":"format-standard","5":"has-post-thumbnail","7":"category-ciencia-e-tecnologia","8":"tag-ciencia","9":"tag-ciencia-e-tecnologia","10":"tag-cienciaetecnologia","11":"tag-cometa","12":"tag-espaco-sideral","13":"tag-portugal","14":"tag-pt","15":"tag-science","16":"tag-science-and-technology","17":"tag-scienceandtechnology","18":"tag-technology","19":"tag-tecnologia","20":"tag-via-lactea"},"share_on_mastodon":{"url":"https:\/\/pubeurope.com\/@pt\/115613160417074188","error":""},"_links":{"self":[{"href":"https:\/\/www.europesays.com\/pt\/wp-json\/wp\/v2\/posts\/165333","targetHints":{"allow":["GET"]}}],"collection":[{"href":"https:\/\/www.europesays.com\/pt\/wp-json\/wp\/v2\/posts"}],"about":[{"href":"https:\/\/www.europesays.com\/pt\/wp-json\/wp\/v2\/types\/post"}],"author":[{"embeddable":true,"href":"https:\/\/www.europesays.com\/pt\/wp-json\/wp\/v2\/users\/2"}],"replies":[{"embeddable":true,"href":"https:\/\/www.europesays.com\/pt\/wp-json\/wp\/v2\/comments?post=165333"}],"version-history":[{"count":0,"href":"https:\/\/www.europesays.com\/pt\/wp-json\/wp\/v2\/posts\/165333\/revisions"}],"wp:featuredmedia":[{"embeddable":true,"href":"https:\/\/www.europesays.com\/pt\/wp-json\/wp\/v2\/media\/165334"}],"wp:attachment":[{"href":"https:\/\/www.europesays.com\/pt\/wp-json\/wp\/v2\/media?parent=165333"}],"wp:term":[{"taxonomy":"category","embeddable":true,"href":"https:\/\/www.europesays.com\/pt\/wp-json\/wp\/v2\/categories?post=165333"},{"taxonomy":"post_tag","embeddable":true,"href":"https:\/\/www.europesays.com\/pt\/wp-json\/wp\/v2\/tags?post=165333"}],"curies":[{"name":"wp","href":"https:\/\/api.w.org\/{rel}","templated":true}]}}