{"id":165350,"date":"2025-11-26T00:44:08","date_gmt":"2025-11-26T00:44:08","guid":{"rendered":"https:\/\/www.europesays.com\/pt\/165350\/"},"modified":"2025-11-26T00:44:08","modified_gmt":"2025-11-26T00:44:08","slug":"influenciador-e-considerado-homem-mais-lindo-da-india-veja","status":"publish","type":"post","link":"https:\/\/www.europesays.com\/pt\/165350\/","title":{"rendered":"Influenciador \u00e9 considerado homem mais lindo da \u00cdndia; veja"},"content":{"rendered":"<p>\n\t\t\t\tInfluenciador \u00e9 considerado o homem mais lindo da \u00cdndia e arrasta multid\u00f5es<br \/>\n\t\t\t\tInfluenciador \u00e9 considerado o homem mais lindo da \u00cdndia e arrasta multid\u00f5es<br \/>\n\t\t\t\tInfluenciador \u00e9 considerado o homem mais lindo da \u00cdndia e arrasta multid\u00f5es<br \/>\n\t\t\t\tInfluenciador \u00e9 considerado o homem mais lindo da \u00cdndia e arrasta multid\u00f5es\n\t\t\t<\/p>\n<p>\t\t\t1.0x\t\t<\/p>\n","protected":false},"excerpt":{"rendered":"Influenciador \u00e9 considerado o homem mais lindo da \u00cdndia e arrasta multid\u00f5es Influenciador \u00e9 considerado o homem mais&hellip;\n","protected":false},"author":2,"featured_media":165351,"comment_status":"","ping_status":"","sticky":false,"template":"","format":"standard","meta":{"footnotes":""},"categories":[145],"tags":[211,210,114,115,2426,8605,32,33,548],"class_list":{"0":"post-165350","1":"post","2":"type-post","3":"status-publish","4":"format-standard","5":"has-post-thumbnail","7":"category-celebridades","8":"tag-celebridades","9":"tag-celebrities","10":"tag-entertainment","11":"tag-entretenimento","12":"tag-india","13":"tag-influenciador","14":"tag-portugal","15":"tag-pt","16":"tag-redes-sociais"},"share_on_mastodon":{"url":"https:\/\/pubeurope.com\/@pt\/115613235042930637","error":""},"_links":{"self":[{"href":"https:\/\/www.europesays.com\/pt\/wp-json\/wp\/v2\/posts\/165350","targetHints":{"allow":["GET"]}}],"collection":[{"href":"https:\/\/www.europesays.com\/pt\/wp-json\/wp\/v2\/posts"}],"about":[{"href":"https:\/\/www.europesays.com\/pt\/wp-json\/wp\/v2\/types\/post"}],"author":[{"embeddable":true,"href":"https:\/\/www.europesays.com\/pt\/wp-json\/wp\/v2\/users\/2"}],"replies":[{"embeddable":true,"href":"https:\/\/www.europesays.com\/pt\/wp-json\/wp\/v2\/comments?post=165350"}],"version-history":[{"count":0,"href":"https:\/\/www.europesays.com\/pt\/wp-json\/wp\/v2\/posts\/165350\/revisions"}],"wp:featuredmedia":[{"embeddable":true,"href":"https:\/\/www.europesays.com\/pt\/wp-json\/wp\/v2\/media\/165351"}],"wp:attachment":[{"href":"https:\/\/www.europesays.com\/pt\/wp-json\/wp\/v2\/media?parent=165350"}],"wp:term":[{"taxonomy":"category","embeddable":true,"href":"https:\/\/www.europesays.com\/pt\/wp-json\/wp\/v2\/categories?post=165350"},{"taxonomy":"post_tag","embeddable":true,"href":"https:\/\/www.europesays.com\/pt\/wp-json\/wp\/v2\/tags?post=165350"}],"curies":[{"name":"wp","href":"https:\/\/api.w.org\/{rel}","templated":true}]}}