{"id":165373,"date":"2025-11-26T01:14:14","date_gmt":"2025-11-26T01:14:14","guid":{"rendered":"https:\/\/www.europesays.com\/pt\/165373\/"},"modified":"2025-11-26T01:14:14","modified_gmt":"2025-11-26T01:14:14","slug":"no-hospital-nuno-markl-faz-esclarecimento-sobre-companhia-especial-acho-que-deixam-uma-visita-dela","status":"publish","type":"post","link":"https:\/\/www.europesays.com\/pt\/165373\/","title":{"rendered":"No hospital, Nuno Markl faz esclarecimento sobre companhia especial: &#8220;Acho que deixam uma visita dela&#8221;"},"content":{"rendered":"<p><a data-olk-copy-source=\"MailCompose\" href=\"https:\/\/selfie.iol.pt\/famosos\/nuno-markl\/horas-antes-de-ser-internado-nuno-markl-destacou-momento-especial-nao-consente-que-eu-me-mova-um-milimetro\/20251121\/69203567d34e2bd5c6d43d21\" id=\"OWA11cbae91-a704-4da3-5b43-360119c501c8\" target=\"_blank\" wbo-id=\"46\" rel=\"nofollow noopener\">Nuno Markl foi internado de urg\u00eancia, na passada quinta-feira, dia 20, na sequ\u00eancia de um AVC, como avan\u00e7ou a CMTV<\/a>.<\/p>\n<p>Estando a recuperar desse problema de sa\u00fade, o humorista, de 54 anos, tem partilhado alguns registos do internamento.<\/p>\n<p>Desta vez, Nuno Markl publicou a fotografia de uma refei\u00e7\u00e3o de sushi, captada no Hospital Egas Moniz. &#8220;Pedro Ribeiro e Vera Fernandes deixaram amor e sushi (com a devida autoriza\u00e7\u00e3o do m\u00e9dico &#8211; nada de exagero na soja)&#8221;, assinalou na legenda da imagem.<\/p>\n<p>Entretanto, na caixa de coment\u00e1rios, uma seguidora quis saber novidades da cadela de Nuno Markl, a Chiclete, <a href=\"https:\/\/selfie.iol.pt\/famosos\/nuno-markl\/horas-antes-de-ser-internado-nuno-markl-destacou-momento-especial-nao-consente-que-eu-me-mova-um-milimetro\/20251121\/69203567d34e2bd5c6d43d21\" target=\"_blank\" rel=\"nofollow noopener\">de quem o radialista tinha partilhado uma fotografia<\/a>, horas antes de sofrer o AVC: &#8220;Bom apetite. E a Chiclete? Como est\u00e1 a peluda que n\u00e3o te largava, porque estavas doente? A que te soterrou no sof\u00e1 para ficares quietinho e caladinho que ela sabia que assim tinha de ser? Hein, Nuno Markl?&#8221;<\/p>\n<p>E o comunicador esclareceu: &#8220;Acho que deixam uma visita dela!&#8221;<\/p>\n<p>Veja, agora, a imagem partilhada por Nuno Markl na galeria de fotografias que prepar\u00e1mos para si.<\/p>\n","protected":false},"excerpt":{"rendered":"Nuno Markl foi internado de urg\u00eancia, na passada quinta-feira, dia 20, na sequ\u00eancia de um AVC, como avan\u00e7ou&hellip;\n","protected":false},"author":2,"featured_media":165374,"comment_status":"","ping_status":"","sticky":false,"template":"","format":"standard","meta":{"footnotes":""},"categories":[145],"tags":[1353,211,210,114,115,980,1015,619,11435,32,33,27853,117,1012],"class_list":{"0":"post-165373","1":"post","2":"type-post","3":"status-publish","4":"format-standard","5":"has-post-thumbnail","7":"category-celebridades","8":"tag-animais","9":"tag-celebridades","10":"tag-celebrities","11":"tag-entertainment","12":"tag-entretenimento","13":"tag-famosos","14":"tag-instagram","15":"tag-nacional","16":"tag-nuno-markl","17":"tag-portugal","18":"tag-pt","19":"tag-radialista","20":"tag-saude","21":"tag-selfie"},"share_on_mastodon":{"url":"https:\/\/pubeurope.com\/@pt\/115613352776853416","error":""},"_links":{"self":[{"href":"https:\/\/www.europesays.com\/pt\/wp-json\/wp\/v2\/posts\/165373","targetHints":{"allow":["GET"]}}],"collection":[{"href":"https:\/\/www.europesays.com\/pt\/wp-json\/wp\/v2\/posts"}],"about":[{"href":"https:\/\/www.europesays.com\/pt\/wp-json\/wp\/v2\/types\/post"}],"author":[{"embeddable":true,"href":"https:\/\/www.europesays.com\/pt\/wp-json\/wp\/v2\/users\/2"}],"replies":[{"embeddable":true,"href":"https:\/\/www.europesays.com\/pt\/wp-json\/wp\/v2\/comments?post=165373"}],"version-history":[{"count":0,"href":"https:\/\/www.europesays.com\/pt\/wp-json\/wp\/v2\/posts\/165373\/revisions"}],"wp:featuredmedia":[{"embeddable":true,"href":"https:\/\/www.europesays.com\/pt\/wp-json\/wp\/v2\/media\/165374"}],"wp:attachment":[{"href":"https:\/\/www.europesays.com\/pt\/wp-json\/wp\/v2\/media?parent=165373"}],"wp:term":[{"taxonomy":"category","embeddable":true,"href":"https:\/\/www.europesays.com\/pt\/wp-json\/wp\/v2\/categories?post=165373"},{"taxonomy":"post_tag","embeddable":true,"href":"https:\/\/www.europesays.com\/pt\/wp-json\/wp\/v2\/tags?post=165373"}],"curies":[{"name":"wp","href":"https:\/\/api.w.org\/{rel}","templated":true}]}}