{"id":165384,"date":"2025-11-26T01:25:30","date_gmt":"2025-11-26T01:25:30","guid":{"rendered":"https:\/\/www.europesays.com\/pt\/165384\/"},"modified":"2025-11-26T01:25:30","modified_gmt":"2025-11-26T01:25:30","slug":"caro-paul-mccartney-so-nao-se-emocionara-quem-tiver-um-bloco-de-gelo-no-lugar-do-coracao-vimos-uma-lenda-ao-vivo-no-canada","status":"publish","type":"post","link":"https:\/\/www.europesays.com\/pt\/165384\/","title":{"rendered":"Caro Paul McCartney, s\u00f3 n\u00e3o se emocionar\u00e1 quem tiver um bloco de gelo no lugar do cora\u00e7\u00e3o: vimos uma lenda ao vivo no Canad\u00e1"},"content":{"rendered":"<p class=\"MsoNormal\">Sexta-feira, 21 de novembro, e Hamilton, cidade a pouco mais de 70 quil\u00f3metros de Toronto, est\u00e1 em festa: n\u00e3o s\u00f3 o seu maior pavilh\u00e3o vai ser reinaugurado \u2013 depois de obras que custaram mais de 300 milh\u00f5es de d\u00f3lares canadianos (fazendo as contas, s\u00e3o mais de 180 milh\u00f5es de euros!) e que levaram a que o antigo FirstOntario Centre passasse a chamar-se TD Coliseum \u2013 como vai receber aquela que \u00e9, provavelmente, a mais importante lenda viva da Hist\u00f3ria da m\u00fasica (o H mai\u00fasculo n\u00e3o \u00e9 usado \u00e0 toa). \u201cQuem daqui \u00e9 de Hamilton?\u201d, pergunta ele quando o concerto j\u00e1 vai longo. Algumas centenas respondem. \u201cQuem \u00e9 que n\u00e3o \u00e9 de Hamilton?\u201d, pergunta de seguida, antecipando uma voraz resposta. \u201cEnt\u00e3o, bem-vindos\u201d. \u00c9 assim Paul McCartney, o Beatle, o Sir, o homem que n\u00e3o parece humano porque os deuses n\u00e3o costumam privilegiar os humanos com a sua presen\u00e7a. <\/p>\n<p><a href=\"https:\/\/expresso.pt\/subscrever?action=GEN&amp;channel=VID&amp;type=CAP&amp;source=WEB&amp;returnUrl=https:\/\/expresso.pt\/blitz\/2025-11-24-caro-paul-mccartney-so-nao-se-emocionara-quem-tiver-um-bloco-de-gelo-no-lugar-do-coracao-vimos-uma-lenda-ao-vivo-no-canada-5cf28ee8?_gl\\u003d1*12mnyy7*_ga*YW1wLXZmMVJOX1h2cG5WQVo0dGZYeG1iZWc.=&amp;utm_source=expresso&amp;utm_medium=locked_article&amp;locked=true&amp;article_id=2228a16a-c2c7-4800-8346-a7c32c11f2f0&amp;author_id=Ana+Ventura&amp;category=Blitz\" target=\"_self\" class=\"\" rel=\"nofollow noopener\">Subscrever<\/a>J\u00e1 \u00e9 Subscritor?Fa\u00e7a login e continue a ler<a href=\"http:\/\/expresso.pt\/codigo?redirectUrl=https:\/\/expresso.pt\/blitz\/2025-11-24-caro-paul-mccartney-so-nao-se-emocionara-quem-tiver-um-bloco-de-gelo-no-lugar-do-coracao-vimos-uma-lenda-ao-vivo-no-canada-5cf28ee8?_gl\\u003d1*12mnyy7*_ga*YW1wLXZmMVJOX1h2cG5WQVo0dGZYeG1iZWc.=\" target=\"_self\" class=\"\" rel=\"nofollow noopener\">Inserir C\u00f3digo<\/a>Comprou o Expresso?Insira o c\u00f3digo presente na Revista E para continuar a ler<\/p>\n","protected":false},"excerpt":{"rendered":"Sexta-feira, 21 de novembro, e Hamilton, cidade a pouco mais de 70 quil\u00f3metros de Toronto, est\u00e1 em festa:&hellip;\n","protected":false},"author":2,"featured_media":165385,"comment_status":"","ping_status":"","sticky":false,"template":"","format":"standard","meta":{"footnotes":""},"categories":[50],"tags":[27,28,15,16,14,25,26,21,22,62,12,13,19,20,23,24,17,18,29,30,31,63,64,65],"class_list":{"0":"post-165384","1":"post","2":"type-post","3":"status-publish","4":"format-standard","5":"has-post-thumbnail","7":"category-mundo","8":"tag-breaking-news","9":"tag-breakingnews","10":"tag-featured-news","11":"tag-featurednews","12":"tag-headlines","13":"tag-latest-news","14":"tag-latestnews","15":"tag-main-news","16":"tag-mainnews","17":"tag-mundo","18":"tag-news","19":"tag-noticias","20":"tag-noticias-principais","21":"tag-noticiasprincipais","22":"tag-principais-noticias","23":"tag-principaisnoticias","24":"tag-top-stories","25":"tag-topstories","26":"tag-ultimas","27":"tag-ultimas-noticias","28":"tag-ultimasnoticias","29":"tag-world","30":"tag-world-news","31":"tag-worldnews"},"share_on_mastodon":{"url":"https:\/\/pubeurope.com\/@pt\/115613396083046582","error":""},"_links":{"self":[{"href":"https:\/\/www.europesays.com\/pt\/wp-json\/wp\/v2\/posts\/165384","targetHints":{"allow":["GET"]}}],"collection":[{"href":"https:\/\/www.europesays.com\/pt\/wp-json\/wp\/v2\/posts"}],"about":[{"href":"https:\/\/www.europesays.com\/pt\/wp-json\/wp\/v2\/types\/post"}],"author":[{"embeddable":true,"href":"https:\/\/www.europesays.com\/pt\/wp-json\/wp\/v2\/users\/2"}],"replies":[{"embeddable":true,"href":"https:\/\/www.europesays.com\/pt\/wp-json\/wp\/v2\/comments?post=165384"}],"version-history":[{"count":0,"href":"https:\/\/www.europesays.com\/pt\/wp-json\/wp\/v2\/posts\/165384\/revisions"}],"wp:featuredmedia":[{"embeddable":true,"href":"https:\/\/www.europesays.com\/pt\/wp-json\/wp\/v2\/media\/165385"}],"wp:attachment":[{"href":"https:\/\/www.europesays.com\/pt\/wp-json\/wp\/v2\/media?parent=165384"}],"wp:term":[{"taxonomy":"category","embeddable":true,"href":"https:\/\/www.europesays.com\/pt\/wp-json\/wp\/v2\/categories?post=165384"},{"taxonomy":"post_tag","embeddable":true,"href":"https:\/\/www.europesays.com\/pt\/wp-json\/wp\/v2\/tags?post=165384"}],"curies":[{"name":"wp","href":"https:\/\/api.w.org\/{rel}","templated":true}]}}