{"id":165400,"date":"2025-11-26T01:46:11","date_gmt":"2025-11-26T01:46:11","guid":{"rendered":"https:\/\/www.europesays.com\/pt\/165400\/"},"modified":"2025-11-26T01:46:11","modified_gmt":"2025-11-26T01:46:11","slug":"ultima-hora-dylan-reune-colegas-na-sala-e-faz-anuncio-inedito-secret-story","status":"publish","type":"post","link":"https:\/\/www.europesays.com\/pt\/165400\/","title":{"rendered":"\u00daltima hora: Dylan re\u00fane colegas na sala e faz an\u00fancio in\u00e9dito &#8211; Secret Story"},"content":{"rendered":"<p>No Secret Story 9, Dylan pediu a todos os colegas que se reunissem na sala, uma hora antes de come\u00e7ar o Especial. Veja tudo o que foi dito.<\/p>\n<p><strong>Esta semana, h\u00e1 quatro concorrentes em risco de expuls\u00e3o j\u00e1 no pr\u00f3ximo domingo.<\/strong><\/p>\n<p>Vota\u00e7\u00e3o para salvar:<br \/>BRUNO \u2013 761 20 20 04<br \/>DYLAN \u2013 761 20 20 07<br \/>F\u00c1BIO \u2013 761 20 20 08<br \/>IN\u00caS \u2013 761 20 20 10<\/p>\n<p><a href=\"https:\/\/tvi.iol.pt\/secretstory\/aominuto\" rel=\"nofollow noopener\" target=\"_blank\">Acompanhe aqui tudo o que se passa no Secret Story 9!\u00a0<\/a><\/p>\n","protected":false},"excerpt":{"rendered":"No Secret Story 9, Dylan pediu a todos os colegas que se reunissem na sala, uma hora antes&hellip;\n","protected":false},"author":2,"featured_media":165401,"comment_status":"","ping_status":"","sticky":false,"template":"","format":"standard","meta":{"footnotes":""},"categories":[142],"tags":[19374,19373,19105,114,115,19375,32,33,151],"class_list":{"0":"post-165400","1":"post","2":"type-post","3":"status-publish","4":"format-standard","5":"has-post-thumbnail","7":"category-tv","8":"tag-confrontos-concorrentes","9":"tag-discussoes-secret-story","10":"tag-dylan","11":"tag-entertainment","12":"tag-entretenimento","13":"tag-polemicas","14":"tag-portugal","15":"tag-pt","16":"tag-tv"},"share_on_mastodon":{"url":"https:\/\/pubeurope.com\/@pt\/115613478598005508","error":""},"_links":{"self":[{"href":"https:\/\/www.europesays.com\/pt\/wp-json\/wp\/v2\/posts\/165400","targetHints":{"allow":["GET"]}}],"collection":[{"href":"https:\/\/www.europesays.com\/pt\/wp-json\/wp\/v2\/posts"}],"about":[{"href":"https:\/\/www.europesays.com\/pt\/wp-json\/wp\/v2\/types\/post"}],"author":[{"embeddable":true,"href":"https:\/\/www.europesays.com\/pt\/wp-json\/wp\/v2\/users\/2"}],"replies":[{"embeddable":true,"href":"https:\/\/www.europesays.com\/pt\/wp-json\/wp\/v2\/comments?post=165400"}],"version-history":[{"count":0,"href":"https:\/\/www.europesays.com\/pt\/wp-json\/wp\/v2\/posts\/165400\/revisions"}],"wp:featuredmedia":[{"embeddable":true,"href":"https:\/\/www.europesays.com\/pt\/wp-json\/wp\/v2\/media\/165401"}],"wp:attachment":[{"href":"https:\/\/www.europesays.com\/pt\/wp-json\/wp\/v2\/media?parent=165400"}],"wp:term":[{"taxonomy":"category","embeddable":true,"href":"https:\/\/www.europesays.com\/pt\/wp-json\/wp\/v2\/categories?post=165400"},{"taxonomy":"post_tag","embeddable":true,"href":"https:\/\/www.europesays.com\/pt\/wp-json\/wp\/v2\/tags?post=165400"}],"curies":[{"name":"wp","href":"https:\/\/api.w.org\/{rel}","templated":true}]}}