{"id":165410,"date":"2025-11-26T02:09:16","date_gmt":"2025-11-26T02:09:16","guid":{"rendered":"https:\/\/www.europesays.com\/pt\/165410\/"},"modified":"2025-11-26T02:09:16","modified_gmt":"2025-11-26T02:09:16","slug":"detido-quarto-suspeito-de-ter-participado-no-assalto-ao-louvre","status":"publish","type":"post","link":"https:\/\/www.europesays.com\/pt\/165410\/","title":{"rendered":"Detido quarto suspeito de ter participado no assalto ao Louvre"},"content":{"rendered":"<p>As autoridades francesas interpelaram esta ter\u00e7a-feira, 25 de novembro, um quarto suspeito do assalto ao Museu do Louvre.\u00a0<\/p>\n<p>O homem seria o \u00faltimo membro que faltava deter do grupo que roubou as joias do Louvre, afirma a BFMTV.<\/p>\n<p>Recorde-se que, em apenas sete minutos, foram roubadas de um dos mais conhecidos museus do mundo joias de inestim\u00e1vel valor.\u00a0<\/p>\n<p>O Le Parisien refere que o suspeito foi detido na regi\u00e3o da capital francesa pelos investigadores da brigada de repress\u00e3o ao banditismo (BRB) da Dire\u00e7\u00e3o da Pol\u00edcia Judici\u00e1ria da Prefeitura de Pol\u00edcia de Paris (DPJ-PP).<\/p>\n<p>Foi colocado sob cust\u00f3dia policial e acusado de &#8220;roubo em grupo organizado&#8221; e &#8220;associa\u00e7\u00e3o criminosa&#8221;.<\/p>\n<p>Este indiv\u00edduo j\u00e1 era conhecido da pol\u00edcia e estaria ligado aos outros tr\u00eas homens j\u00e1 indiciados e detidos no \u00e2mbito do processo, todos naturais ou residentes em Aubervilliers (Seine-Saint-Denis).<\/p>\n<p>O assalto aconteceu em 19 de outubro, numa manh\u00e3 de domingo, e com o museu a funcionar normalmente. Quatro ladr\u00f5es pararam uma m\u00e1quina empilhadora numa das ruas adjacentes ao hist\u00f3rico edif\u00edcio e dois entraram na Galeria de Apolo, atrav\u00e9s da plataforma elevat\u00f3ria.<\/p>\n<p>Arrombada uma janela, roubaram joias reais e imperiais, recorrendo a rebarbadoras para abrir as vitrinas onde estavam as pe\u00e7as, antes de se porem em fuga pelo mesmo m\u00e9todo.<\/p>\n<p>At\u00e9 agora, h\u00e1 quatro pessoas suspeitas detidas, mas o paradeiro das joias continua desconhecido.<\/p>\n<p>[Not\u00edcia atualizada \u00e0s 13h49]<\/p>\n<p>Leia Tamb\u00e9m: <a href=\"https:\/\/www.noticiasaominuto.com\/mundo\/2889848\/seguranca-louvre-encerra-galeria-devido-a-fragilidade-de-vigas\" target=\"_blank\" rel=\"noopener noreferrer nofollow\">Seguran\u00e7a? Louvre encerra galeria devido a &#8220;fragilidade de vigas&#8221;<\/a><\/p>\n","protected":false},"excerpt":{"rendered":"As autoridades francesas interpelaram esta ter\u00e7a-feira, 25 de novembro, um quarto suspeito do assalto ao Museu do Louvre.\u00a0&hellip;\n","protected":false},"author":2,"featured_media":148802,"comment_status":"","ping_status":"","sticky":false,"template":"","format":"standard","meta":{"footnotes":""},"categories":[50],"tags":[27,28,15,16,14,25,26,21,22,62,12,13,19,20,23,24,17,18,29,30,31,63,64,65],"class_list":{"0":"post-165410","1":"post","2":"type-post","3":"status-publish","4":"format-standard","5":"has-post-thumbnail","7":"category-mundo","8":"tag-breaking-news","9":"tag-breakingnews","10":"tag-featured-news","11":"tag-featurednews","12":"tag-headlines","13":"tag-latest-news","14":"tag-latestnews","15":"tag-main-news","16":"tag-mainnews","17":"tag-mundo","18":"tag-news","19":"tag-noticias","20":"tag-noticias-principais","21":"tag-noticiasprincipais","22":"tag-principais-noticias","23":"tag-principaisnoticias","24":"tag-top-stories","25":"tag-topstories","26":"tag-ultimas","27":"tag-ultimas-noticias","28":"tag-ultimasnoticias","29":"tag-world","30":"tag-world-news","31":"tag-worldnews"},"share_on_mastodon":{"url":"https:\/\/pubeurope.com\/@pt\/115613569085286864","error":""},"_links":{"self":[{"href":"https:\/\/www.europesays.com\/pt\/wp-json\/wp\/v2\/posts\/165410","targetHints":{"allow":["GET"]}}],"collection":[{"href":"https:\/\/www.europesays.com\/pt\/wp-json\/wp\/v2\/posts"}],"about":[{"href":"https:\/\/www.europesays.com\/pt\/wp-json\/wp\/v2\/types\/post"}],"author":[{"embeddable":true,"href":"https:\/\/www.europesays.com\/pt\/wp-json\/wp\/v2\/users\/2"}],"replies":[{"embeddable":true,"href":"https:\/\/www.europesays.com\/pt\/wp-json\/wp\/v2\/comments?post=165410"}],"version-history":[{"count":0,"href":"https:\/\/www.europesays.com\/pt\/wp-json\/wp\/v2\/posts\/165410\/revisions"}],"wp:featuredmedia":[{"embeddable":true,"href":"https:\/\/www.europesays.com\/pt\/wp-json\/wp\/v2\/media\/148802"}],"wp:attachment":[{"href":"https:\/\/www.europesays.com\/pt\/wp-json\/wp\/v2\/media?parent=165410"}],"wp:term":[{"taxonomy":"category","embeddable":true,"href":"https:\/\/www.europesays.com\/pt\/wp-json\/wp\/v2\/categories?post=165410"},{"taxonomy":"post_tag","embeddable":true,"href":"https:\/\/www.europesays.com\/pt\/wp-json\/wp\/v2\/tags?post=165410"}],"curies":[{"name":"wp","href":"https:\/\/api.w.org\/{rel}","templated":true}]}}